{"id":99,"date":"2019-10-16T19:48:35","date_gmt":"2019-10-16T22:48:35","guid":{"rendered":"https:\/\/www.abn.adv.br\/noticiasjuridicas\/?p=99"},"modified":"2019-10-16T19:48:35","modified_gmt":"2019-10-16T22:48:35","slug":"justica-suspende-reintegracao-de-posse-na-zona-leste-de-sao-paulo","status":"publish","type":"post","link":"https:\/\/www.abn.adv.br\/noticiasjuridicas\/2019\/10\/16\/justica-suspende-reintegracao-de-posse-na-zona-leste-de-sao-paulo\/","title":{"rendered":"Justi\u00e7a suspende reintegra\u00e7\u00e3o de posse na Zona Leste de S\u00e3o Paulo."},"content":{"rendered":"<p>[img]http:\/\/www.tjsp.jus.br\/Shared\/Handlers\/ImageFetch.ashx?Size=4&#038;ImageID=23845&#038;Proporcional=True[\/img] [br] <\/p>\n<p> O juiz Jurandir de Abreu J\u00fanior, da 4\u00aa Vara C\u00edvel do Foro Regional de Itaquera, suspendeu na tarde desta ter\u00e7a-feira (26) a reintegra\u00e7\u00e3o de posse que acontecia na Zona Leste de S\u00e3o Paulo. <\/p>\n<p>[b] Integra da decis\u00e3o:<br \/>\n[\/b] <\/p>\n<p>      Vistos.<\/p>\n<p>        H\u00e1 poucos instantes, recebi comunicado do Juiz assessor da Presid\u00eancia do Tribunal de Justi\u00e7a, Dr. Guilherme de Macedo Soares, no sentido de que a Secret\u00e1ria da Justi\u00e7a e da Defesa da Cidadania, Elo\u00edsa de Sousa Arruda, por ordem do Governador do Estado, pediu para que fosse paralisada a reintegra\u00e7\u00e3o de posse, porque, em contato com o Prefeito do munic\u00edpio de S\u00e3o Paulo, Dr. Fernando Haddad, este \u00faltimo disse que assinaria, na tarde de hoje, decreto de desapropria\u00e7\u00e3o da \u00e1rea, aspecto que esvaziaria o conte\u00fado desta a\u00e7\u00e3o, pela perda de legitimidade ativa dos autores. Segundo a assessoria da Presid\u00eancia, o Prefeito da Capital visitaria, ainda hoje, a Presid\u00eancia do Tribunal de Justi\u00e7a para melhor relatar os fatos.<\/p>\n<p>        Diante dos aspectos acima mencionados, suspendo a ordem de reintegra\u00e7\u00e3o de posse.<\/p>\n<p>        D\u00ea-se ci\u00eancia ao Comando da opera\u00e7\u00e3o da Pol\u00edcia Militar, bem como ao Oficial de Justi\u00e7a encarregado da ordem de reintegra\u00e7\u00e3o de posse. Se necess\u00e1rio, em raz\u00e3o da urg\u00eancia, c\u00f3pia deste despacho poder\u00e1 ser encaminhada \u00e0 Pol\u00edcia Militar.<\/p>\n<p>        Intime-se.<\/p>\n<p>        S\u00e3o Paulo, 26 de mar\u00e7o de 2013.<\/p>\n<p>        JURANDIR DE ABREU J\u00daNIOR<\/p>\n<p>        Juiz de Direito <\/p>\n<p>Processo n\u00ba 00219919420128260007 <\/p>\n<p>        Comunica\u00e7\u00e3o Social TJSP \u2013 RS (texto) \/ Foto (Internet &#8211; Jo\u00e3o Paulo Chagas) \/ SG (arte)<br \/>\n         imprensatj@tjsp.jus.br<\/p>\n","protected":false},"excerpt":{"rendered":"<p>O juiz Jurandir de Abreu J\u00fanior, da 4\u00aa Vara C\u00edvel do Foro Regional de Itaquera, suspendeu na tarde desta ter\u00e7a-feira (26) a reintegra\u00e7\u00e3o de posse que acontecia na Zona Leste de S\u00e3o Paulo.<\/p>\n","protected":false},"author":1,"featured_media":0,"comment_status":"open","ping_status":"open","sticky":false,"template":"","format":"standard","meta":{"_joinchat":[],"footnotes":""},"categories":[],"tags":[],"class_list":["post-99","post","type-post","status-publish","format-standard","hentry"],"_links":{"self":[{"href":"https:\/\/www.abn.adv.br\/noticiasjuridicas\/wp-json\/wp\/v2\/posts\/99","targetHints":{"allow":["GET"]}}],"collection":[{"href":"https:\/\/www.abn.adv.br\/noticiasjuridicas\/wp-json\/wp\/v2\/posts"}],"about":[{"href":"https:\/\/www.abn.adv.br\/noticiasjuridicas\/wp-json\/wp\/v2\/types\/post"}],"author":[{"embeddable":true,"href":"https:\/\/www.abn.adv.br\/noticiasjuridicas\/wp-json\/wp\/v2\/users\/1"}],"replies":[{"embeddable":true,"href":"https:\/\/www.abn.adv.br\/noticiasjuridicas\/wp-json\/wp\/v2\/comments?post=99"}],"version-history":[{"count":0,"href":"https:\/\/www.abn.adv.br\/noticiasjuridicas\/wp-json\/wp\/v2\/posts\/99\/revisions"}],"wp:attachment":[{"href":"https:\/\/www.abn.adv.br\/noticiasjuridicas\/wp-json\/wp\/v2\/media?parent=99"}],"wp:term":[{"taxonomy":"category","embeddable":true,"href":"https:\/\/www.abn.adv.br\/noticiasjuridicas\/wp-json\/wp\/v2\/categories?post=99"},{"taxonomy":"post_tag","embeddable":true,"href":"https:\/\/www.abn.adv.br\/noticiasjuridicas\/wp-json\/wp\/v2\/tags?post=99"}],"curies":[{"name":"wp","href":"https:\/\/api.w.org\/{rel}","templated":true}]}}