{"id":96,"date":"2019-10-16T19:48:35","date_gmt":"2019-10-16T22:48:35","guid":{"rendered":"https:\/\/www.abn.adv.br\/noticiasjuridicas\/?p=96"},"modified":"2019-10-16T19:48:35","modified_gmt":"2019-10-16T22:48:35","slug":"exame-da-oab-apenas-1-em-cada-10-candidatos-foi-aprovado","status":"publish","type":"post","link":"https:\/\/www.abn.adv.br\/noticiasjuridicas\/2019\/10\/16\/exame-da-oab-apenas-1-em-cada-10-candidatos-foi-aprovado\/","title":{"rendered":"Exame da OAB &#8211; Apenas 1 em cada 10 candidatos foi aprovado"},"content":{"rendered":"<p>Apenas 1 em cada 10 candidatos do 9\u00ba Exame de Ordem Unificado foi aprovado, mostra lista preliminar divulgada, nesta sexta-feira (22), pelo Conselho Federal da Ordem dos Advogados do Brasil (OAB). Esta \u00e9 a menor taxa de aprova\u00e7\u00e3o desde que a prova foi unificada, em 2009. Dos 114.763 inscritos, 19.134 passaram para a segunda fase e somente 11.820 (10,3%) obtiveram \u00eaxito na prova pr\u00e1tico-profissional. A aprova\u00e7\u00e3o \u00e9 pr\u00e9-requisito para o bacharel em Direito exercer a advocacia.<\/p>\n<p>O prazo para o candidato contestar o resultado preliminar ter\u00e1 in\u00edcio ao meio-dia deste s\u00e1bado (23) e vai at\u00e9 o meio-dia de ter\u00e7a-feira (26). A lista final de aprovados, ap\u00f3s a an\u00e1lise dos recursos, ser\u00e1 divulgada em 5 de abril. A prova de primeira fase eliminou 83,3% dos candidatos. O exame tem 80 quest\u00f5es de m\u00faltipla escolha e, para avan\u00e7ar \u00e0 segunda etapa, \u00e9 preciso acertar pelo menos 40 testes. Especialistas disseram que a avalia\u00e7\u00e3o teve dificuldade &#8220;absurda&#8221;.<\/p>\n<p>J\u00e1 as provas de segunda fase t\u00eam quatro quest\u00f5es discursivas e os candidatos tamb\u00e9m precisam redigir uma pe\u00e7a processual na \u00e1rea do direito em que escolheram atuar. No dia do exame, o coordenador do cursinho LFG disse que as avalia\u00e7\u00f5es estavam &#8220;dentro do n\u00edvel esperado&#8221;.<\/p>\n<p>Regula\u00e7\u00e3o<\/p>\n<p>A lista de aprovados foi divulgada no mesmo dia em que o Minist\u00e9rio da Educa\u00e7\u00e3o assinou com a OAB um acordo para que haja um controle maior na abertura de cursos de Direito no Pa\u00eds. &#8220;Vamos fechar muitos cursos. A pol\u00edtica do balc\u00e3o fechou. N\u00e3o haver\u00e1 mais jeitinho e a toler\u00e2ncia ser\u00e1 zero com quem n\u00e3o tiver qualidade&#8221;, disse o ministro Aloizio Mercadante.<\/p>\n<p>Atualmente, o Pa\u00eds conta com 1.200 cursos de Direito, com 800 mil alunos matriculados. O n\u00famero \u00e9 seis vezes mais que os 200 existentes h\u00e1 20 anos. Das 220 mil novas vagas oferecidas, apenas 162 mil est\u00e3o ocupadas.<\/p>\n<p>Inscri\u00e7\u00f5es<\/p>\n<p>A OAB tamb\u00e9m divulgou nesta sexta-feira o edital de abertura do 10.\u00ba Exame de Ordem Unificado. O candidato pode se inscrever at\u00e9 as 23h59min do dia 8 de abril, exclusivamente pela internet, no site oab.fgv.br. No momento da inscri\u00e7\u00e3o, que custa R$ 200, o examinando dever\u00e1 escolher em qual cidade deseja fazer a prova.<\/p>\n<p>Diferente das edi\u00e7\u00f5es anteriores, a prova come\u00e7ar\u00e1 mais cedo, \u00e0s 13h (hor\u00e1rio de Bras\u00edlia), e n\u00e3o mais \u00e0s 14h. Al\u00e9m disso, a primeira fase ter\u00e1 perguntas sobre Filosofia do Direito, com uma ou duas quest\u00f5es de m\u00faltipla escolha. <\/p>\n<p>Para o professor Jo\u00e3o Aguirre, a inclus\u00e3o da disciplina era esperada por integrar o curr\u00edculo obrigat\u00f3rio dos cursos de Direito. Aguirre v\u00ea a novidade com bons olhos porque, na sua opini\u00e3o, propicia uma forma\u00e7\u00e3o human\u00edstica aos bachar\u00e9is. &#8220;\u00c9 louv\u00e1vel a preocupa\u00e7\u00e3o da OAB em tamb\u00e9m exigir uma forma\u00e7\u00e3o human\u00edstica do advogado, afastando-o do mero conhecedor de leis, para se preocupar com a forma\u00e7\u00e3o de um profissional mais humano e preocupado com os problemas sociais.&#8221; (AE)<\/p>\n","protected":false},"excerpt":{"rendered":"<p>Apenas 1 em cada 10 candidatos do 9\u00ba Exame de Ordem Unificado foi aprovado, mostra lista preliminar divulgada, nesta sexta-feira (22), pelo Conselho Federal da Ordem dos Advogados do Brasil (OAB). Esta \u00e9 a menor taxa de aprova\u00e7\u00e3o desde que a prova foi unificada, em 2009. Dos 114.763 inscritos, 19.134 passaram para a segunda fase e somente 11.820 (10,3%) obtiveram \u00eaxito na prova pr\u00e1tico-profissional. A aprova\u00e7\u00e3o \u00e9 pr\u00e9-requisito para o bacharel em Direito exercer a advocacia.<\/p>\n","protected":false},"author":1,"featured_media":0,"comment_status":"open","ping_status":"open","sticky":false,"template":"","format":"standard","meta":{"_joinchat":[],"footnotes":""},"categories":[],"tags":[],"class_list":["post-96","post","type-post","status-publish","format-standard","hentry"],"_links":{"self":[{"href":"https:\/\/www.abn.adv.br\/noticiasjuridicas\/wp-json\/wp\/v2\/posts\/96","targetHints":{"allow":["GET"]}}],"collection":[{"href":"https:\/\/www.abn.adv.br\/noticiasjuridicas\/wp-json\/wp\/v2\/posts"}],"about":[{"href":"https:\/\/www.abn.adv.br\/noticiasjuridicas\/wp-json\/wp\/v2\/types\/post"}],"author":[{"embeddable":true,"href":"https:\/\/www.abn.adv.br\/noticiasjuridicas\/wp-json\/wp\/v2\/users\/1"}],"replies":[{"embeddable":true,"href":"https:\/\/www.abn.adv.br\/noticiasjuridicas\/wp-json\/wp\/v2\/comments?post=96"}],"version-history":[{"count":0,"href":"https:\/\/www.abn.adv.br\/noticiasjuridicas\/wp-json\/wp\/v2\/posts\/96\/revisions"}],"wp:attachment":[{"href":"https:\/\/www.abn.adv.br\/noticiasjuridicas\/wp-json\/wp\/v2\/media?parent=96"}],"wp:term":[{"taxonomy":"category","embeddable":true,"href":"https:\/\/www.abn.adv.br\/noticiasjuridicas\/wp-json\/wp\/v2\/categories?post=96"},{"taxonomy":"post_tag","embeddable":true,"href":"https:\/\/www.abn.adv.br\/noticiasjuridicas\/wp-json\/wp\/v2\/tags?post=96"}],"curies":[{"name":"wp","href":"https:\/\/api.w.org\/{rel}","templated":true}]}}