{"id":92,"date":"2019-10-16T19:48:33","date_gmt":"2019-10-16T22:48:33","guid":{"rendered":"https:\/\/www.abn.adv.br\/noticiasjuridicas\/?p=92"},"modified":"2019-10-16T19:48:33","modified_gmt":"2019-10-16T22:48:33","slug":"furto-de-veiculo-em-zona-azul-nao-implica-indenizacao-pelo-poder-publico","status":"publish","type":"post","link":"https:\/\/www.abn.adv.br\/noticiasjuridicas\/2019\/10\/16\/furto-de-veiculo-em-zona-azul-nao-implica-indenizacao-pelo-poder-publico\/","title":{"rendered":"Furto de ve\u00edculo em Zona Azul n\u00e3o implica indeniza\u00e7\u00e3o pelo Poder P\u00fablico"},"content":{"rendered":"<p>[b]Furto de ve\u00edculo em Zona Azul n\u00e3o implica indeniza\u00e7\u00e3o pelo Poder P\u00fablico[\/b] <\/p>\n<p> [img]http:\/\/www.bx.adv.br\/img\/zonaazul.jpg[\/img] <\/p>\n<p>        Ac\u00f3rd\u00e3o da 11\u00aa C\u00e2mara de Direito P\u00fablico do Tribunal de Justi\u00e7a de S\u00e3o Paulo confirmou senten\u00e7a que negou pedido de indeniza\u00e7\u00e3o de um homem que teve o ve\u00edculo furtado em via p\u00fablica que exige o pagamento do cart\u00e3o rotativo de estacionamento, sistema conhecido como \u201cZona Azul\u201d.<\/p>\n<p>        O autor da a\u00e7\u00e3o, residente em Mau\u00e1, argumentou no recurso de apela\u00e7\u00e3o que o Poder P\u00fablico tem o dever de guarda ao optar pela cobran\u00e7a de estacionamento em vias p\u00fablicas de uso comum.<\/p>\n<p>        Para o relator do recurso, desembargador Oscild de Lima J\u00fanior, a decis\u00e3o de primeira inst\u00e2ncia, da lavra do juiz Thiago Elias Massad, tem de ser confirmada na \u00edntegra. \u201cComo bem ponderou o MM. Juiz a quo: \u2018A finalidade dos estacionamentos rotativos, comumente chamados de Zona Azul, \u00e9 disciplinar o tempo de uso das vias p\u00fablicas para estacionamento de ve\u00edculos, proporcionando maior rotatividade de vagas. Os munic\u00edpios t\u00eam compet\u00eancia para regular o estacionamento de ve\u00edculos na via p\u00fablica, mediante o pagamento de um determinado pre\u00e7o. A simples disciplina do tempo de utiliza\u00e7\u00e3o do espa\u00e7o p\u00fablico para o estacionamento de ve\u00edculo n\u00e3o induz qualquer obriga\u00e7\u00e3o de guarda do mesmo, na medida em que a rela\u00e7\u00e3o entre as partes n\u00e3o \u00e9 de dep\u00f3sito, encerrando-se com a venda do cart\u00e3o que autoriza a perman\u00eancia do ve\u00edculo na via p\u00fablica por certo per\u00edodo de tempo. A cobran\u00e7a de contrapresta\u00e7\u00e3o para o uso do bem p\u00fablico n\u00e3o caracteriza um contrato de dep\u00f3sito nem gera o dever de vigil\u00e2ncia e fiscaliza\u00e7\u00e3o por parte da requerida\u2019\u201d, anotou em seu voto.<\/p>\n<p>        Os desembargadores Aroldo Viotti e Ricardo Dip tamb\u00e9m integraram a turma julgadora e seguiram o entendimento do relator.<\/p>\n<p>        Apela\u00e7\u00e3o n\u00ba 0015285-13.2010.8.26.0348<\/p>\n<p>        Comunica\u00e7\u00e3o Social TJSP \u2013 MR (texto) \/ AC (foto ilustrativa)<\/p>\n<p>        imprensatj@tjsp.jus.br<\/p>\n","protected":false},"excerpt":{"rendered":"<p>Ac\u00f3rd\u00e3o da 11\u00aa C\u00e2mara de Direito P\u00fablico do Tribunal de Justi\u00e7a de S\u00e3o Paulo confirmou senten\u00e7a que negou pedido de indeniza\u00e7\u00e3o de um homem que teve o ve\u00edculo furtado em via p\u00fablica que exige o pagamento do cart\u00e3o rotativo de estacionamento, sistema conhecido como \u201cZona Azul\u201d.<\/p>\n","protected":false},"author":1,"featured_media":0,"comment_status":"open","ping_status":"open","sticky":false,"template":"","format":"standard","meta":{"_joinchat":[],"footnotes":""},"categories":[],"tags":[],"class_list":["post-92","post","type-post","status-publish","format-standard","hentry"],"_links":{"self":[{"href":"https:\/\/www.abn.adv.br\/noticiasjuridicas\/wp-json\/wp\/v2\/posts\/92","targetHints":{"allow":["GET"]}}],"collection":[{"href":"https:\/\/www.abn.adv.br\/noticiasjuridicas\/wp-json\/wp\/v2\/posts"}],"about":[{"href":"https:\/\/www.abn.adv.br\/noticiasjuridicas\/wp-json\/wp\/v2\/types\/post"}],"author":[{"embeddable":true,"href":"https:\/\/www.abn.adv.br\/noticiasjuridicas\/wp-json\/wp\/v2\/users\/1"}],"replies":[{"embeddable":true,"href":"https:\/\/www.abn.adv.br\/noticiasjuridicas\/wp-json\/wp\/v2\/comments?post=92"}],"version-history":[{"count":0,"href":"https:\/\/www.abn.adv.br\/noticiasjuridicas\/wp-json\/wp\/v2\/posts\/92\/revisions"}],"wp:attachment":[{"href":"https:\/\/www.abn.adv.br\/noticiasjuridicas\/wp-json\/wp\/v2\/media?parent=92"}],"wp:term":[{"taxonomy":"category","embeddable":true,"href":"https:\/\/www.abn.adv.br\/noticiasjuridicas\/wp-json\/wp\/v2\/categories?post=92"},{"taxonomy":"post_tag","embeddable":true,"href":"https:\/\/www.abn.adv.br\/noticiasjuridicas\/wp-json\/wp\/v2\/tags?post=92"}],"curies":[{"name":"wp","href":"https:\/\/api.w.org\/{rel}","templated":true}]}}