{"id":883,"date":"2018-04-12T00:00:00","date_gmt":"2018-04-12T03:00:00","guid":{"rendered":"https:\/\/www.abn.adv.br\/noticiasjuridicas\/2018\/04\/12\/justica-garante-que-consumidor-seja-indenizado-por-ter-tido-bens-furtados-em-estacionamento-privado\/"},"modified":"2018-04-12T00:00:00","modified_gmt":"2018-04-12T03:00:00","slug":"justica-garante-que-consumidor-seja-indenizado-por-ter-tido-bens-furtados-em-estacionamento-privado","status":"publish","type":"post","link":"https:\/\/www.abn.adv.br\/noticiasjuridicas\/2018\/04\/12\/justica-garante-que-consumidor-seja-indenizado-por-ter-tido-bens-furtados-em-estacionamento-privado\/","title":{"rendered":"Justi\u00e7a garante que consumidor seja indenizado por ter tido bens furtados em estacionamento privado"},"content":{"rendered":"<p>O 2\u00ba Juizado Especial C\u00edvel da Comarca de Rio Branco condenou, a empresa reclamada, a idenizar por danos morais causados aos autores do processo, pelo fato, de celular e quantia em dinheiro terem sido furtados,sendo que os devidos objetos se encontravam dentro do veiculo no estacionamento gerenciado pela parte reclamada. Clasificando a indeniza\u00e7\u00e3o por danos morais em R$ 3 mil.<\/p>\n<p>Configurando a m\u00e1 f\u00e9 da presta\u00e7\u00e3o de servi\u00e7os da parte reclamada,o juiz de Direito Matias Mamed, titular da unidade judici\u00e1ria, condenou a empresa em R$ 1,699,00 pelos danos materiais causados a parte autora da a\u00e7\u00e3o.<\/p>\n<p>Fonte: TJAC<\/p>\n","protected":false},"excerpt":{"rendered":"<p>Consumidor teve furtado de dentro do seu carro celular e quantia de dinheiro.<\/p>\n","protected":false},"author":1,"featured_media":0,"comment_status":"open","ping_status":"open","sticky":false,"template":"","format":"standard","meta":{"_joinchat":[],"footnotes":""},"categories":[],"tags":[],"class_list":["post-883","post","type-post","status-publish","format-standard","hentry"],"_links":{"self":[{"href":"https:\/\/www.abn.adv.br\/noticiasjuridicas\/wp-json\/wp\/v2\/posts\/883","targetHints":{"allow":["GET"]}}],"collection":[{"href":"https:\/\/www.abn.adv.br\/noticiasjuridicas\/wp-json\/wp\/v2\/posts"}],"about":[{"href":"https:\/\/www.abn.adv.br\/noticiasjuridicas\/wp-json\/wp\/v2\/types\/post"}],"author":[{"embeddable":true,"href":"https:\/\/www.abn.adv.br\/noticiasjuridicas\/wp-json\/wp\/v2\/users\/1"}],"replies":[{"embeddable":true,"href":"https:\/\/www.abn.adv.br\/noticiasjuridicas\/wp-json\/wp\/v2\/comments?post=883"}],"version-history":[{"count":0,"href":"https:\/\/www.abn.adv.br\/noticiasjuridicas\/wp-json\/wp\/v2\/posts\/883\/revisions"}],"wp:attachment":[{"href":"https:\/\/www.abn.adv.br\/noticiasjuridicas\/wp-json\/wp\/v2\/media?parent=883"}],"wp:term":[{"taxonomy":"category","embeddable":true,"href":"https:\/\/www.abn.adv.br\/noticiasjuridicas\/wp-json\/wp\/v2\/categories?post=883"},{"taxonomy":"post_tag","embeddable":true,"href":"https:\/\/www.abn.adv.br\/noticiasjuridicas\/wp-json\/wp\/v2\/tags?post=883"}],"curies":[{"name":"wp","href":"https:\/\/api.w.org\/{rel}","templated":true}]}}