{"id":87,"date":"2019-10-16T19:48:33","date_gmt":"2019-10-16T22:48:33","guid":{"rendered":"https:\/\/www.abn.adv.br\/noticiasjuridicas\/?p=87"},"modified":"2019-10-16T19:48:33","modified_gmt":"2019-10-16T22:48:33","slug":"justica-autoriza-registro-com-dupla-maternidade","status":"publish","type":"post","link":"https:\/\/www.abn.adv.br\/noticiasjuridicas\/2019\/10\/16\/justica-autoriza-registro-com-dupla-maternidade\/","title":{"rendered":"Justi\u00e7a autoriza registro com dupla maternidade"},"content":{"rendered":"<p>[b]Justi\u00e7a autoriza registro com dupla maternidade[\/b]  [br]<br \/>\n        A Justi\u00e7a de Jacare\u00ed acolheu ontem (29) pedido de duas mulheres para que crian\u00e7a gerada por fertiliza\u00e7\u00e3o in vitro possa ser registrada com \u201cdupla maternidade\u201d. <\/p>\n<p>        As requerentes s\u00e3o casadas formalmente e se submeteram ao procedimento em que coletaram os \u00f3vulos de ambas. Eles foram fertilizados por s\u00eamen doado, sendo ent\u00e3o formados embri\u00f5es vi\u00e1veis, transferidos para o \u00fatero de uma delas. Os embri\u00f5es foram escolhidos pelos m\u00e9dicos em raz\u00e3o da maior viabilidade da gravidez, pouco importando de qual das duas eram provenientes.<\/p>\n<p>        Diante da peculiaridade do caso, o oficial de Registro Civil e das Pessoas Naturais e de Interdi\u00e7\u00f5es e Tutelas de Jacare\u00ed consultou o juiz corregedor permanente da comarca, Fernando Henrique Pinto, sobre a lavratura do registro de nascimento da crian\u00e7a.<\/p>\n<p>        De acordo com o magistrado, havendo viabilidade jur\u00eddica da uni\u00e3o est\u00e1vel e do casamento civil entre pessoas do mesmo sexo, e sendo comum o uso de t\u00e9cnicas de reprodu\u00e7\u00e3o assistida por casais heterossexuais, \u201cnada impede \u2013 nem pode impedir, sob pena de viola\u00e7\u00e3o dos princ\u00edpios constitucionais \u2013 que as requerentes, civilmente casadas, tenham acesso e fa\u00e7am uso das mesmas t\u00e9cnicas cient\u00edficas, para gerar desejados descendentes\u201d.<\/p>\n<p>        Fernando Henrique tamb\u00e9m menciona que outras decis\u00f5es judiciais j\u00e1 reconheceram a \u201cdupla maternidade\u201d e destaca que, se houver ineditismo no caso, seria o reconhecimento origin\u00e1rio pelo pr\u00f3prio Registro Civil das Pessoas Naturais, sem a necessidade de processo de ado\u00e7\u00e3o. A decis\u00e3o determina ainda a complementa\u00e7\u00e3o do registro de nascimento da crian\u00e7a, para fazer constar como m\u00e3es, tanto a mulher que a gerou quanto a mulher c\u00f4njuge da gestante.<\/p>\n<p>        Comunica\u00e7\u00e3o Social TJSP \u2013 CA (texto) \/ AC (foto ilustrativa)<\/p>\n<p>        imprensatj@tjsp.jus.br<\/p>\n","protected":false},"excerpt":{"rendered":"<p>NULL<\/p>\n","protected":false},"author":1,"featured_media":0,"comment_status":"open","ping_status":"open","sticky":false,"template":"","format":"standard","meta":{"_joinchat":[],"footnotes":""},"categories":[],"tags":[],"class_list":["post-87","post","type-post","status-publish","format-standard","hentry"],"_links":{"self":[{"href":"https:\/\/www.abn.adv.br\/noticiasjuridicas\/wp-json\/wp\/v2\/posts\/87","targetHints":{"allow":["GET"]}}],"collection":[{"href":"https:\/\/www.abn.adv.br\/noticiasjuridicas\/wp-json\/wp\/v2\/posts"}],"about":[{"href":"https:\/\/www.abn.adv.br\/noticiasjuridicas\/wp-json\/wp\/v2\/types\/post"}],"author":[{"embeddable":true,"href":"https:\/\/www.abn.adv.br\/noticiasjuridicas\/wp-json\/wp\/v2\/users\/1"}],"replies":[{"embeddable":true,"href":"https:\/\/www.abn.adv.br\/noticiasjuridicas\/wp-json\/wp\/v2\/comments?post=87"}],"version-history":[{"count":0,"href":"https:\/\/www.abn.adv.br\/noticiasjuridicas\/wp-json\/wp\/v2\/posts\/87\/revisions"}],"wp:attachment":[{"href":"https:\/\/www.abn.adv.br\/noticiasjuridicas\/wp-json\/wp\/v2\/media?parent=87"}],"wp:term":[{"taxonomy":"category","embeddable":true,"href":"https:\/\/www.abn.adv.br\/noticiasjuridicas\/wp-json\/wp\/v2\/categories?post=87"},{"taxonomy":"post_tag","embeddable":true,"href":"https:\/\/www.abn.adv.br\/noticiasjuridicas\/wp-json\/wp\/v2\/tags?post=87"}],"curies":[{"name":"wp","href":"https:\/\/api.w.org\/{rel}","templated":true}]}}