{"id":823,"date":"2018-04-10T00:00:00","date_gmt":"2018-04-10T03:00:00","guid":{"rendered":"https:\/\/www.abn.adv.br\/noticiasjuridicas\/2018\/04\/10\/estado-deve-indenizar-em-r-50-mil-e-pagar-pensao-a-mae-de-detento-assassinado-em-presidio\/"},"modified":"2018-04-10T00:00:00","modified_gmt":"2018-04-10T03:00:00","slug":"estado-deve-indenizar-em-r-50-mil-e-pagar-pensao-a-mae-de-detento-assassinado-em-presidio","status":"publish","type":"post","link":"https:\/\/www.abn.adv.br\/noticiasjuridicas\/2018\/04\/10\/estado-deve-indenizar-em-r-50-mil-e-pagar-pensao-a-mae-de-detento-assassinado-em-presidio\/","title":{"rendered":"Estado deve indenizar em R$ 50 mil e pagar pens\u00e3o a m\u00e3e de detento assassinado em pres\u00eddio"},"content":{"rendered":"<p>[img]https:\/\/www.tjce.jus.br\/wp-content\/uploads\/2017\/01\/Balan%C3%A7a_NOVA.jpg[\/img] <\/p>\n<p>O Estado do Cear\u00e1 deve pagar indeniza\u00e7\u00e3o de R$ 50 mil para a m\u00e3e de um detento assassinado dentro de uma penitenci\u00e1ria. Tamb\u00e9m ter\u00e1 de pagar pens\u00e3o mensal, al\u00e9m de R$ 1.212,50 referentes \u00e0s despesas de sepultamento da v\u00edtima. A decis\u00e3o \u00e9 do juiz Mantovanni Colares Cavalcante, titular da 4\u00aa Vara da Fazenda P\u00fablica do F\u00f3rum Cl\u00f3vis Bevil\u00e1qua.<\/p>\n<p>\u201c\u00c9 evidente a exist\u00eancia do dever estatal em ressarcir a ascendente do falecido, por conta de toda a situa\u00e7\u00e3o lesiva decorrente da perda prematura do filho, em face de ato il\u00edcito de responsabilidade do Poder P\u00fablico, n\u00e3o somente diante da dor decorrente da abrupta aus\u00eancia, retirando-se da promovente [m\u00e3e] o per\u00edodo de conviv\u00eancia a que fazia jus com o falecido, mas igualmente pela forma violenta como se deu o evento, por neglig\u00eancia do Poder P\u00fablico, respons\u00e1vel pela integridade dos que se encontram em unidades prisionais\u201d, afirmou na senten\u00e7a o magistrado.<\/p>\n<p>Segundo os autos (n\u00ba 0128427-77.2017.8.06.0001), a v\u00edtima faleceu em 19 de janeiro de 2017, nas depend\u00eancias da Casa de Priva\u00e7\u00e3o Provis\u00f3ria de Liberdade Professor Jos\u00e9 Juc\u00e1 Neto (CPPL III), onde se encontrava recolhida, por les\u00f5es ocasionadas por arma de fogo, conforme certid\u00e3o de \u00f3bito. Por conta disso, sua m\u00e3e ingressou com a\u00e7\u00e3o de indeniza\u00e7\u00e3o por danos morais e materiais contra o Estado.<\/p>\n<p>Na contesta\u00e7\u00e3o, o ente p\u00fablico alegou a aus\u00eancia de provas do nexo causal, uma vez que a autoria do dano \u00e9 imputada a terceiros, n\u00e3o configurando, portanto, sua responsabilidade civil. Tamb\u00e9m argumentou ser incab\u00edvel o dano material, por n\u00e3o estar comprovada a situa\u00e7\u00e3o de depend\u00eancia econ\u00f4mica entre a requerente e o falecido.<\/p>\n<p>Ainda de acordo com a decis\u00e3o do magistrado, proferida no \u00faltimo dia 17, a jurisprud\u00eancia firmada pelos tribunais superiores t\u00eam o entendimento a respeito da responsabilidade do Poder P\u00fablico em rela\u00e7\u00e3o \u00e0 morte de um detento decorrente do assassinato praticado por outro detento companheiro de cela, situa\u00e7\u00e3o que se amolda perfeitamente ao presente caso.<\/p>\n<p>O juiz estabeleceu o pagamento da pens\u00e3o mensal da seguinte maneira: um ter\u00e7o do sal\u00e1rio m\u00ednimo vigente, da data de falecimento at\u00e9 a data da senten\u00e7a; e um ter\u00e7o do sal\u00e1rio m\u00ednimo vigente, at\u00e9 a data correspondente \u00e0 expectativa m\u00e9dia de vida da v\u00edtima (segundo tabela do IBGE, na data do \u00f3bito) ou at\u00e9 o falecimento dos benefici\u00e1rios \u2013 o que ocorrer primeiro.<\/p>\n<p>Fonte: TJCE<\/p>\n","protected":false},"excerpt":{"rendered":"<p>O Estado do Cear\u00e1 deve pagar indeniza\u00e7\u00e3o de R$ 50 mil para a m\u00e3e de um detento assassinado dentro de uma penitenci\u00e1ria.<\/p>\n","protected":false},"author":1,"featured_media":0,"comment_status":"open","ping_status":"open","sticky":false,"template":"","format":"standard","meta":{"_joinchat":[],"footnotes":""},"categories":[],"tags":[],"class_list":["post-823","post","type-post","status-publish","format-standard","hentry"],"_links":{"self":[{"href":"https:\/\/www.abn.adv.br\/noticiasjuridicas\/wp-json\/wp\/v2\/posts\/823","targetHints":{"allow":["GET"]}}],"collection":[{"href":"https:\/\/www.abn.adv.br\/noticiasjuridicas\/wp-json\/wp\/v2\/posts"}],"about":[{"href":"https:\/\/www.abn.adv.br\/noticiasjuridicas\/wp-json\/wp\/v2\/types\/post"}],"author":[{"embeddable":true,"href":"https:\/\/www.abn.adv.br\/noticiasjuridicas\/wp-json\/wp\/v2\/users\/1"}],"replies":[{"embeddable":true,"href":"https:\/\/www.abn.adv.br\/noticiasjuridicas\/wp-json\/wp\/v2\/comments?post=823"}],"version-history":[{"count":0,"href":"https:\/\/www.abn.adv.br\/noticiasjuridicas\/wp-json\/wp\/v2\/posts\/823\/revisions"}],"wp:attachment":[{"href":"https:\/\/www.abn.adv.br\/noticiasjuridicas\/wp-json\/wp\/v2\/media?parent=823"}],"wp:term":[{"taxonomy":"category","embeddable":true,"href":"https:\/\/www.abn.adv.br\/noticiasjuridicas\/wp-json\/wp\/v2\/categories?post=823"},{"taxonomy":"post_tag","embeddable":true,"href":"https:\/\/www.abn.adv.br\/noticiasjuridicas\/wp-json\/wp\/v2\/tags?post=823"}],"curies":[{"name":"wp","href":"https:\/\/api.w.org\/{rel}","templated":true}]}}