{"id":820,"date":"2018-02-10T00:00:00","date_gmt":"2018-02-10T03:00:00","guid":{"rendered":"https:\/\/www.abn.adv.br\/noticiasjuridicas\/2018\/02\/10\/dano-moral-para-homem-baleado-apos-ser-confundido-com-assaltante-em-acao-policial\/"},"modified":"2018-02-10T00:00:00","modified_gmt":"2018-02-10T03:00:00","slug":"dano-moral-para-homem-baleado-apos-ser-confundido-com-assaltante-em-acao-policial","status":"publish","type":"post","link":"https:\/\/www.abn.adv.br\/noticiasjuridicas\/2018\/02\/10\/dano-moral-para-homem-baleado-apos-ser-confundido-com-assaltante-em-acao-policial\/","title":{"rendered":"Dano moral para homem baleado ap\u00f3s ser confundido com assaltante em a\u00e7\u00e3o policial"},"content":{"rendered":"<p>A 5\u00aa C\u00e2mara de Direito P\u00fablico do TJ condenou o Estado ao pagamento de indeniza\u00e7\u00e3o por danos morais, no valor de R$ 5 mil, em favor de homem que foi baleado na perna esquerda enquanto se deslocava pelo mesmo local onde policiais e assaltantes trocavam tiros, em decorr\u00eancia de assalto registrado momentos antes em uma loja nas imedia\u00e7\u00f5es. O fato ocorreu em comarca da regi\u00e3o norte catarinense.<\/p>\n<p>Em sua defesa, o Estado alegou aus\u00eancia de responsabilidade, visto que seus agentes agiram no estrito cumprimento do dever legal e que n\u00e3o ficou demonstrado que a bala que atingiu o autor foi proveniente das armas dos policiais, conforme apurado em inqu\u00e9rito militar.<\/p>\n<p>Para o desembargador Vilson Fontana, relator da mat\u00e9ria, restou comprovado nos autos que o autor foi atingido durante a persegui\u00e7\u00e3o policial, sem ter sido poss\u00edvel identificar a autoria do proj\u00e9til que o atingiu. Contudo, ele esclarece que o entendimento majorit\u00e1rio dos Tribunais \u00e9 no sentido de ser insignificante a origem do proj\u00e9til para a configura\u00e7\u00e3o da responsabilidade estatal quando as v\u00edtimas s\u00e3o atingidas inocentemente em tiroteio.<\/p>\n<p>&#8220;\u00c9 ineg\u00e1vel o abalo psicol\u00f3gico causado ao recorrente que, al\u00e9m de ter sido confundido com os assaltantes, devido ao disparo da arma de fogo teve fratura exposta da t\u00edbia e f\u00edbula esquerda, permanecendo hospitalizado por v\u00e1rios dias, tendo sido instalado fixador externo, com redu\u00e7\u00e3o cir\u00fargica das fraturas, sendo obrigado a afastar-se de suas atividades habituais, conforme se extrai do laudo pericial&#8221; concluiu. A decis\u00e3o foi un\u00e2nime (Apela\u00e7\u00e3o C\u00edvel n. 0000014-73.2000.8.24.0055).<\/p>\n<p> [img]https:\/\/portal.tjsc.jus.br\/image\/journal\/article?img_id=3955868&#038;t=1538490235582[\/img] <\/p>\n<p>Fonte: TJSC<\/p>\n","protected":false},"excerpt":{"rendered":"<p>A 5\u00aa C\u00e2mara de Direito P\u00fablico do TJ condenou o Estado ao pagamento de indeniza\u00e7\u00e3o por danos morais, no valor de R$ 5 mil, em favor de homem que foi baleado na perna esquerda enquanto se deslocava pelo mesmo local onde policiais e assaltantes trocavam tiros, em decorr\u00eancia de assalto registrado momentos antes em uma loja nas imedia\u00e7\u00f5es.<\/p>\n","protected":false},"author":1,"featured_media":0,"comment_status":"open","ping_status":"open","sticky":false,"template":"","format":"standard","meta":{"_joinchat":[],"footnotes":""},"categories":[],"tags":[],"class_list":["post-820","post","type-post","status-publish","format-standard","hentry"],"_links":{"self":[{"href":"https:\/\/www.abn.adv.br\/noticiasjuridicas\/wp-json\/wp\/v2\/posts\/820","targetHints":{"allow":["GET"]}}],"collection":[{"href":"https:\/\/www.abn.adv.br\/noticiasjuridicas\/wp-json\/wp\/v2\/posts"}],"about":[{"href":"https:\/\/www.abn.adv.br\/noticiasjuridicas\/wp-json\/wp\/v2\/types\/post"}],"author":[{"embeddable":true,"href":"https:\/\/www.abn.adv.br\/noticiasjuridicas\/wp-json\/wp\/v2\/users\/1"}],"replies":[{"embeddable":true,"href":"https:\/\/www.abn.adv.br\/noticiasjuridicas\/wp-json\/wp\/v2\/comments?post=820"}],"version-history":[{"count":0,"href":"https:\/\/www.abn.adv.br\/noticiasjuridicas\/wp-json\/wp\/v2\/posts\/820\/revisions"}],"wp:attachment":[{"href":"https:\/\/www.abn.adv.br\/noticiasjuridicas\/wp-json\/wp\/v2\/media?parent=820"}],"wp:term":[{"taxonomy":"category","embeddable":true,"href":"https:\/\/www.abn.adv.br\/noticiasjuridicas\/wp-json\/wp\/v2\/categories?post=820"},{"taxonomy":"post_tag","embeddable":true,"href":"https:\/\/www.abn.adv.br\/noticiasjuridicas\/wp-json\/wp\/v2\/tags?post=820"}],"curies":[{"name":"wp","href":"https:\/\/api.w.org\/{rel}","templated":true}]}}