{"id":819,"date":"2018-02-10T00:00:00","date_gmt":"2018-02-10T03:00:00","guid":{"rendered":"https:\/\/www.abn.adv.br\/noticiasjuridicas\/2018\/02\/10\/idosa-cobrada-por-debito-de-eletricidade-em-cidade-onde-nao-reside-devera-ser-indenizada\/"},"modified":"2018-02-10T00:00:00","modified_gmt":"2018-02-10T03:00:00","slug":"idosa-cobrada-por-debito-de-eletricidade-em-cidade-onde-nao-reside-devera-ser-indenizada","status":"publish","type":"post","link":"https:\/\/www.abn.adv.br\/noticiasjuridicas\/2018\/02\/10\/idosa-cobrada-por-debito-de-eletricidade-em-cidade-onde-nao-reside-devera-ser-indenizada\/","title":{"rendered":"Idosa cobrada por d\u00e9bito de eletricidade em cidade onde n\u00e3o reside dever\u00e1 ser indenizada"},"content":{"rendered":"<p>Senten\u00e7a tamb\u00e9m obriga a concession\u00e1ria de energia el\u00e9trica a realizar o cancelamento dos d\u00e9bitos questionados no processo.<\/p>\n<p>O 1\u00ba Juizado Especial C\u00edvel da Comarca de Rio Branco condenou a Companhia de Eletricidade do Acre por negativar o nome da autora do Processo n\u00b00602827-85.2018.8.01.0070, em fun\u00e7\u00e3o de d\u00e9bito de unidade consumidora localizada na zona urbana de munic\u00edpio onde a reclamante n\u00e3o reside. A empresa dever\u00e1 pagar a consumidora R$ 8 mil de indeniza\u00e7\u00e3o por danos morais, al\u00e9m de cancelar os d\u00e9bitos questionados pela autora.<\/p>\n<p>A autora, uma idosa de 71 anos, contou que seu nome foi inscrito nos \u00d3rg\u00e3os de Prote\u00e7\u00e3o ao Cr\u00e9dito por causa de d\u00e9bitos de eletricidade, referente a uma unidade de consumo localizada na zona urbana de Sena Madureira, onde ela alegou n\u00e3o ter morado. Por isso, pediu \u00e0 Justi\u00e7a indeniza\u00e7\u00e3o por danos morais e cancelamento dos d\u00e9bitos.<\/p>\n<p>Senten\u00e7a<\/p>\n<p>A senten\u00e7a foi assinada pela ju\u00edza de Direito Lilian Deise, titular da unidade judici\u00e1ria, e publicada na edi\u00e7\u00e3o n\u00b06.206 do Di\u00e1rio da Justi\u00e7a Eletr\u00f4nico, de sexta-feira (28). A magistrada determinou que a concession\u00e1ria deve cumprir a obriga\u00e7\u00e3o, de cancelamento das contas, no prazo m\u00e1ximo de 10 dias, sob pena de multa di\u00e1ria no valor de R$ 150.<\/p>\n<p>Ao julgar o caso, a magistrada observou que a empresa n\u00e3o apresentou nenhum contrato ou documento comprovando rela\u00e7\u00e3o com a consumidora. \u201cO reclamado na condi\u00e7\u00e3o de prestador dos servi\u00e7os possui ou deveria possuir todos os documentos, contratos referentes ao neg\u00f3cio jur\u00eddico celebrado com o reclamante. Vale dizer, ainda, que apesar de informar nos autos que vizinhos na cidade de Sena Madureira confirmaram que a autora residiu na cidade, n\u00e3o produziu qualquer prova nesse sentido\u201d, disse.<\/p>\n<p>Fonte: TJAC<\/p>\n","protected":false},"excerpt":{"rendered":"<p>Senten\u00e7a tamb\u00e9m obriga a concession\u00e1ria de energia el\u00e9trica a realizar o cancelamento dos d\u00e9bitos questionados no processo.<\/p>\n","protected":false},"author":1,"featured_media":0,"comment_status":"open","ping_status":"open","sticky":false,"template":"","format":"standard","meta":{"_joinchat":[],"footnotes":""},"categories":[],"tags":[],"class_list":["post-819","post","type-post","status-publish","format-standard","hentry"],"_links":{"self":[{"href":"https:\/\/www.abn.adv.br\/noticiasjuridicas\/wp-json\/wp\/v2\/posts\/819","targetHints":{"allow":["GET"]}}],"collection":[{"href":"https:\/\/www.abn.adv.br\/noticiasjuridicas\/wp-json\/wp\/v2\/posts"}],"about":[{"href":"https:\/\/www.abn.adv.br\/noticiasjuridicas\/wp-json\/wp\/v2\/types\/post"}],"author":[{"embeddable":true,"href":"https:\/\/www.abn.adv.br\/noticiasjuridicas\/wp-json\/wp\/v2\/users\/1"}],"replies":[{"embeddable":true,"href":"https:\/\/www.abn.adv.br\/noticiasjuridicas\/wp-json\/wp\/v2\/comments?post=819"}],"version-history":[{"count":0,"href":"https:\/\/www.abn.adv.br\/noticiasjuridicas\/wp-json\/wp\/v2\/posts\/819\/revisions"}],"wp:attachment":[{"href":"https:\/\/www.abn.adv.br\/noticiasjuridicas\/wp-json\/wp\/v2\/media?parent=819"}],"wp:term":[{"taxonomy":"category","embeddable":true,"href":"https:\/\/www.abn.adv.br\/noticiasjuridicas\/wp-json\/wp\/v2\/categories?post=819"},{"taxonomy":"post_tag","embeddable":true,"href":"https:\/\/www.abn.adv.br\/noticiasjuridicas\/wp-json\/wp\/v2\/tags?post=819"}],"curies":[{"name":"wp","href":"https:\/\/api.w.org\/{rel}","templated":true}]}}