{"id":818,"date":"2018-01-10T00:00:00","date_gmt":"2018-01-10T03:00:00","guid":{"rendered":"https:\/\/www.abn.adv.br\/noticiasjuridicas\/2018\/01\/10\/justica-determina-que-construtora-indenize-casal-por-atraso-em-obra\/"},"modified":"2018-01-10T00:00:00","modified_gmt":"2018-01-10T03:00:00","slug":"justica-determina-que-construtora-indenize-casal-por-atraso-em-obra","status":"publish","type":"post","link":"https:\/\/www.abn.adv.br\/noticiasjuridicas\/2018\/01\/10\/justica-determina-que-construtora-indenize-casal-por-atraso-em-obra\/","title":{"rendered":"Justi\u00e7a determina que construtora indenize casal por atraso em obra"},"content":{"rendered":"<p>Desembargador considerou improcedente a alega\u00e7\u00e3o de que chuvas atrasaram a obra<\/p>\n<p>A construtora Tenda S.A. ter\u00e1 que indenizar por danos morais, em R$ 20 mil, o casal A.F.S. e F.K.A. A empresa ir\u00e1 arcar com os valores referentes aos alugu\u00e9is que o casal teve que pagar devido \u00e0 demora na entrega do im\u00f3vel. Al\u00e9m disso, a construtora ter\u00e1 que pagar o valor referente \u00e0 cl\u00e1usula 9\u00aa do contrato (a ser apurado em liquida\u00e7\u00e3o de senten\u00e7a), que a obriga a pagar ao cliente 0,5% do valor do im\u00f3vel por m\u00eas de atraso na entrega. A decis\u00e3o \u00e9 da 14\u00aa c\u00e2mara C\u00edvel do Tribunal de Justi\u00e7a de Minas Gerais (TJMG), que modificou a senten\u00e7a do juiz de 1\u00aa Inst\u00e2ncia.<\/p>\n<p>O casal ajuizou a\u00e7\u00e3o contra a construtora pleiteando indeniza\u00e7\u00e3o por danos morais e materiais, alegando que adquiriu um im\u00f3vel na planta com a data marcada para entrega em 26 de outubro de 2010. Entretanto, a entrega foi realizada apenas em 29 de agosto de 2014. Por isso, o casal pleiteou indeniza\u00e7\u00e3o por danos morais e o ressarcimento dos alugu\u00e9is pagos durante o per\u00edodo previsto para a entrega das chaves. Al\u00e9m disso, pleiteou o cumprimento da cl\u00e1usula 9\u00aa do contrato de compra e venda, que estabelece multa \u00e0 construtora de 0,5% do valor do im\u00f3vel por m\u00eas de atraso.<\/p>\n<p>A construtora, em sua defesa, alegou que as chuvas atrasaram a obra e o aumento da atividade no ramo da constru\u00e7\u00e3o civil provocou dificuldades em encontrar m\u00e3o-de-obra para seguir o empreendimento, alega\u00e7\u00f5es que foram acolhidas pelo juiz de 1\u00aa Inst\u00e2ncia.<\/p>\n<p>O relator, Marco Aur\u00e9lio Ferenzine, modificou a decis\u00e3o do juiz por entender que tanto as chuvas quanto a falta de m\u00e3o-de-obra s\u00e3o hip\u00f3teses plenamente previs\u00edveis. Os desembargadores Valdez Leite Machado e Evangelina Castilho Duarte votaram de acordo com o relator.<\/p>\n<p>Fonte: TJMG<\/p>\n","protected":false},"excerpt":{"rendered":"<p>Desembargador considerou improcedente a alega\u00e7\u00e3o de que chuvas atrasaram a obra<\/p>\n","protected":false},"author":1,"featured_media":0,"comment_status":"open","ping_status":"open","sticky":false,"template":"","format":"standard","meta":{"_joinchat":[],"footnotes":""},"categories":[],"tags":[],"class_list":["post-818","post","type-post","status-publish","format-standard","hentry"],"_links":{"self":[{"href":"https:\/\/www.abn.adv.br\/noticiasjuridicas\/wp-json\/wp\/v2\/posts\/818","targetHints":{"allow":["GET"]}}],"collection":[{"href":"https:\/\/www.abn.adv.br\/noticiasjuridicas\/wp-json\/wp\/v2\/posts"}],"about":[{"href":"https:\/\/www.abn.adv.br\/noticiasjuridicas\/wp-json\/wp\/v2\/types\/post"}],"author":[{"embeddable":true,"href":"https:\/\/www.abn.adv.br\/noticiasjuridicas\/wp-json\/wp\/v2\/users\/1"}],"replies":[{"embeddable":true,"href":"https:\/\/www.abn.adv.br\/noticiasjuridicas\/wp-json\/wp\/v2\/comments?post=818"}],"version-history":[{"count":0,"href":"https:\/\/www.abn.adv.br\/noticiasjuridicas\/wp-json\/wp\/v2\/posts\/818\/revisions"}],"wp:attachment":[{"href":"https:\/\/www.abn.adv.br\/noticiasjuridicas\/wp-json\/wp\/v2\/media?parent=818"}],"wp:term":[{"taxonomy":"category","embeddable":true,"href":"https:\/\/www.abn.adv.br\/noticiasjuridicas\/wp-json\/wp\/v2\/categories?post=818"},{"taxonomy":"post_tag","embeddable":true,"href":"https:\/\/www.abn.adv.br\/noticiasjuridicas\/wp-json\/wp\/v2\/tags?post=818"}],"curies":[{"name":"wp","href":"https:\/\/api.w.org\/{rel}","templated":true}]}}