{"id":788,"date":"2018-05-09T00:00:00","date_gmt":"2018-05-09T03:00:00","guid":{"rendered":"https:\/\/www.abn.adv.br\/noticiasjuridicas\/2018\/05\/09\/consumidor-devera-ser-indenizado-por-nao-ser-atendido-por-operadora-de-plano-de-saude\/"},"modified":"2018-05-09T00:00:00","modified_gmt":"2018-05-09T03:00:00","slug":"consumidor-devera-ser-indenizado-por-nao-ser-atendido-por-operadora-de-plano-de-saude","status":"publish","type":"post","link":"https:\/\/www.abn.adv.br\/noticiasjuridicas\/2018\/05\/09\/consumidor-devera-ser-indenizado-por-nao-ser-atendido-por-operadora-de-plano-de-saude\/","title":{"rendered":"Consumidor dever\u00e1 ser indenizado por n\u00e3o ser atendido por operadora de plano de sa\u00fade"},"content":{"rendered":"<p>Senten\u00e7a condenou a empresa a pagar indeniza\u00e7\u00e3o por danos morais de R$ 5mil e ressarcir o autor do processo.<\/p>\n<p>O Ju\u00edzo da Vara \u00danica da Comarca de Xapuri condenou operadora de plano de sa\u00fade a pagar R$ 5 mil de indeniza\u00e7\u00e3o por danos morais, em fun\u00e7\u00e3o de n\u00e3o ter prestado atendimento solicitado pelo autor do Processo n\u00b00700811-64.2018.8.01.0007, que mant\u00e9m plano junto \u00e0 requerida.<\/p>\n<p>Na senten\u00e7a, publicada na edi\u00e7\u00e3o n\u00b06.184 do Di\u00e1rio da Justi\u00e7a Eletr\u00f4nico, o juiz de Direito Luis Pinto, titular da unidade judici\u00e1ria, ainda determinou que a empresa restitua ao consumidor o valor de mil reais, que ele teve que gastar com o tratamento m\u00e9dico.<\/p>\n<p>O autor recorreu a Justi\u00e7a por ter necessidade de aplica\u00e7\u00e3o de infus\u00e3o de g\u00e1s expansor, em fun\u00e7\u00e3o do seu quadro cl\u00ednico, mas a operadora do plano de sa\u00fade n\u00e3o realizou o tratamento no consumidor.<\/p>\n<p>Senten\u00e7a<\/p>\n<p>Conforme \u00e9 expresso na senten\u00e7a \u201ca parte r\u00e9 n\u00e3o traz elemento de prova que retire a validade dos documentos juntados na inicial e n\u00e3o demonstrou por meio de qualquer documento h\u00e1bil que a parte autora n\u00e3o preenchia as condi\u00e7\u00f5es para fins de realiza\u00e7\u00e3o do procedimento prescrito, raz\u00e3o pela qual a condena\u00e7\u00e3o por danos morais \u00e9 a medida que se imp\u00f5e\u201d.<\/p>\n<p>O juiz ainda enfatizou que \u201cexiste um dever do prestador de servi\u00e7os de plano de sa\u00fade de cobrir de forma ampla todos os procedimentos e interven\u00e7\u00f5es \u00fateis ou necess\u00e1rios \u00e0 manuten\u00e7\u00e3o b\u00e1sica da sa\u00fade do segurado, abrangendo o diagn\u00f3stico, preven\u00e7\u00e3o e tratamento relacionado a todas as doen\u00e7as reconhecidas pela Organiza\u00e7\u00e3o Mundial da Sa\u00fade, com a ressalva t\u00e3o-somente das exce\u00e7\u00f5es previstas em Lei\u201d.<\/p>\n<p>Fonte: TJAC<\/p>\n","protected":false},"excerpt":{"rendered":"<p>Senten\u00e7a condenou a empresa a pagar indeniza\u00e7\u00e3o por danos morais de R$ 5mil e ressarcir o autor do processo.<\/p>\n","protected":false},"author":1,"featured_media":0,"comment_status":"open","ping_status":"open","sticky":false,"template":"","format":"standard","meta":{"_joinchat":[],"footnotes":""},"categories":[],"tags":[],"class_list":["post-788","post","type-post","status-publish","format-standard","hentry"],"_links":{"self":[{"href":"https:\/\/www.abn.adv.br\/noticiasjuridicas\/wp-json\/wp\/v2\/posts\/788","targetHints":{"allow":["GET"]}}],"collection":[{"href":"https:\/\/www.abn.adv.br\/noticiasjuridicas\/wp-json\/wp\/v2\/posts"}],"about":[{"href":"https:\/\/www.abn.adv.br\/noticiasjuridicas\/wp-json\/wp\/v2\/types\/post"}],"author":[{"embeddable":true,"href":"https:\/\/www.abn.adv.br\/noticiasjuridicas\/wp-json\/wp\/v2\/users\/1"}],"replies":[{"embeddable":true,"href":"https:\/\/www.abn.adv.br\/noticiasjuridicas\/wp-json\/wp\/v2\/comments?post=788"}],"version-history":[{"count":0,"href":"https:\/\/www.abn.adv.br\/noticiasjuridicas\/wp-json\/wp\/v2\/posts\/788\/revisions"}],"wp:attachment":[{"href":"https:\/\/www.abn.adv.br\/noticiasjuridicas\/wp-json\/wp\/v2\/media?parent=788"}],"wp:term":[{"taxonomy":"category","embeddable":true,"href":"https:\/\/www.abn.adv.br\/noticiasjuridicas\/wp-json\/wp\/v2\/categories?post=788"},{"taxonomy":"post_tag","embeddable":true,"href":"https:\/\/www.abn.adv.br\/noticiasjuridicas\/wp-json\/wp\/v2\/tags?post=788"}],"curies":[{"name":"wp","href":"https:\/\/api.w.org\/{rel}","templated":true}]}}