{"id":744,"date":"2018-02-04T00:00:00","date_gmt":"2018-02-04T03:00:00","guid":{"rendered":"https:\/\/www.abn.adv.br\/noticiasjuridicas\/2018\/02\/04\/aniversario-de-casamento-perde-glamour-com-atraso-de-voo-injustificado-por-empresa\/"},"modified":"2018-02-04T00:00:00","modified_gmt":"2018-02-04T03:00:00","slug":"aniversario-de-casamento-perde-glamour-com-atraso-de-voo-injustificado-por-empresa","status":"publish","type":"post","link":"https:\/\/www.abn.adv.br\/noticiasjuridicas\/2018\/02\/04\/aniversario-de-casamento-perde-glamour-com-atraso-de-voo-injustificado-por-empresa\/","title":{"rendered":"Anivers\u00e1rio de casamento perde glamour com atraso de voo injustificado por empresa"},"content":{"rendered":"<p>A 3\u00aa C\u00e2mara Civil do TJ confirmou condena\u00e7\u00e3o de empresa a\u00e9rea ao pagamento de indeniza\u00e7\u00e3o em favor de casal que, por conta de atraso em seu voo, perdeu parte de viagem rom\u00e2ntica ao Rio de Janeiro para comemorar anos de casamento. Segundo os autos, o casal se apresentou ao aeroporto de Navegantes e l\u00e1 aguardou por mais de quatro horas at\u00e9 ser informado que precisaria se deslocar a Florian\u00f3polis para pegar o voo.<\/p>\n<p>Na capital, mais atraso e a informa\u00e7\u00e3o de que seria necess\u00e1rio dormir na cidade para embarcar apenas no dia seguinte. No hotel para onde foram levados, entretanto, n\u00e3o havia reserva em nome da empresa a\u00e9rea, de forma que os passageiros tiveram de arcar com di\u00e1ria para garantir hospedagem. Eles somente chegaram ao destino com um dia de atraso e perderam parte do pacote tur\u00edstico que haviam firmado. Em recurso, a empresa a\u00e9rea alegou que o atraso e o consequente cancelamento do voo ocorreram em raz\u00e3o de mau tempo. Garantiu que transportou os autores ao destino final, assim como prestou toda a assist\u00eancia, como alimenta\u00e7\u00e3o e hospedagem. Disse, tamb\u00e9m, que a ocorr\u00eancia de for\u00e7a maior exclui a responsabilidade pela altera\u00e7\u00e3o do hor\u00e1rio do voo.<\/p>\n<p>O desembargador Marcus Tulio Sartorato, relator da mat\u00e9ria, entendeu de forma distinta. Segundo o magistrado, a empresa nem sequer confirmou sua vers\u00e3o sobre problemas meteorol\u00f3gicos, pois apenas colacionou fotos de uma p\u00e1gina virtual. Al\u00e9m disso, acrescentou, n\u00e3o comprovou assist\u00eancia material aos autores nem apresentou comprovantes de ressarcimento das despesas dos autores. &#8220;A situa\u00e7\u00e3o ultrapassou o mero aborrecimento, porque acarretou o atraso de um dia no embarque dos autores, o que trouxe afli\u00e7\u00e3o, cansa\u00e7o e frustra\u00e7\u00e3o ao que deveria ter sido uma viagem rom\u00e2ntica de comemora\u00e7\u00e3o de suas bodas&#8221;, concluiu o magistrado. O valor da indeniza\u00e7\u00e3o foi arbitrado em R$ 10 mil para cobrir os danos morais, mais R$ 400 por danos materiais. A vota\u00e7\u00e3o foi un\u00e2nime (Apela\u00e7\u00e3o C\u00edvel n. 0308716-26.2016.8.24.0005).<\/p>\n<p>FONTE: TJSC<\/p>\n","protected":false},"excerpt":{"rendered":"<p>A 3\u00aa C\u00e2mara Civil do TJ confirmou condena\u00e7\u00e3o de empresa a\u00e9rea ao pagamento de indeniza\u00e7\u00e3o em favor de casal que, por conta de atraso em seu voo, perdeu parte de viagem rom\u00e2ntica ao Rio de Janeiro para comemorar anos de casamento. Segundo os autos, o casal se apresentou ao aeroporto de Navegantes e l\u00e1 aguardou por mais de quatro horas at\u00e9 ser informado que precisaria se deslocar a Florian\u00f3polis para pegar o voo.<\/p>\n","protected":false},"author":1,"featured_media":0,"comment_status":"open","ping_status":"open","sticky":false,"template":"","format":"standard","meta":{"_joinchat":[],"footnotes":""},"categories":[],"tags":[],"class_list":["post-744","post","type-post","status-publish","format-standard","hentry"],"_links":{"self":[{"href":"https:\/\/www.abn.adv.br\/noticiasjuridicas\/wp-json\/wp\/v2\/posts\/744","targetHints":{"allow":["GET"]}}],"collection":[{"href":"https:\/\/www.abn.adv.br\/noticiasjuridicas\/wp-json\/wp\/v2\/posts"}],"about":[{"href":"https:\/\/www.abn.adv.br\/noticiasjuridicas\/wp-json\/wp\/v2\/types\/post"}],"author":[{"embeddable":true,"href":"https:\/\/www.abn.adv.br\/noticiasjuridicas\/wp-json\/wp\/v2\/users\/1"}],"replies":[{"embeddable":true,"href":"https:\/\/www.abn.adv.br\/noticiasjuridicas\/wp-json\/wp\/v2\/comments?post=744"}],"version-history":[{"count":0,"href":"https:\/\/www.abn.adv.br\/noticiasjuridicas\/wp-json\/wp\/v2\/posts\/744\/revisions"}],"wp:attachment":[{"href":"https:\/\/www.abn.adv.br\/noticiasjuridicas\/wp-json\/wp\/v2\/media?parent=744"}],"wp:term":[{"taxonomy":"category","embeddable":true,"href":"https:\/\/www.abn.adv.br\/noticiasjuridicas\/wp-json\/wp\/v2\/categories?post=744"},{"taxonomy":"post_tag","embeddable":true,"href":"https:\/\/www.abn.adv.br\/noticiasjuridicas\/wp-json\/wp\/v2\/tags?post=744"}],"curies":[{"name":"wp","href":"https:\/\/api.w.org\/{rel}","templated":true}]}}