{"id":723,"date":"2018-02-03T00:00:00","date_gmt":"2018-02-03T03:00:00","guid":{"rendered":"https:\/\/www.abn.adv.br\/noticiasjuridicas\/2018\/02\/03\/estado-deve-indenizar-em-r-60-mil-homens-que-teriam-sido-detidos-indevidamente\/"},"modified":"2018-02-03T00:00:00","modified_gmt":"2018-02-03T03:00:00","slug":"estado-deve-indenizar-em-r-60-mil-homens-que-teriam-sido-detidos-indevidamente","status":"publish","type":"post","link":"https:\/\/www.abn.adv.br\/noticiasjuridicas\/2018\/02\/03\/estado-deve-indenizar-em-r-60-mil-homens-que-teriam-sido-detidos-indevidamente\/","title":{"rendered":"Estado deve indenizar em R$ 60 mil homens que teriam sido detidos indevidamente"},"content":{"rendered":"<p>Requerido ter\u00e1 que pagar a quantia de R$ 30 mil para cada autor da a\u00e7\u00e3o.<\/p>\n<p>O juiz da Vara da Fazenda P\u00fablica Estadual de Cariacica condenou o Estado a indenizar, em R$ 60 mil, a t\u00edtulo de danos morais, dois homens que foram detidos indevidamente por policiais.<\/p>\n<p>A a\u00e7\u00e3o foi ajuizada pelos requerentes ap\u00f3s eles alegarem ter sofrido ofensas por parte dos policiais. Segundo as informa\u00e7\u00f5es do processo, em novembro de 2015, os dois homens foram apontados como autores de um homic\u00eddio na regi\u00e3o.<\/p>\n<p>No entanto, ainda segundo os autos, no mesmo dia em que o suposto crime aconteceu, os requerentes afirmam que estavam em lugar diferente ao apontado como local do homic\u00eddio. Eles disseram, ainda, que haviam sa\u00eddo para comprar carne para um churrasco, fato que teria sido comprovado pelos funcion\u00e1rios do estabelecimento.<\/p>\n<p>Os homens tamb\u00e9m disseram que n\u00e3o poderiam ter qualquer rela\u00e7\u00e3o com o crime, j\u00e1 que, no mesmo dia, se envolveram em um acidente de tr\u00e2nsito com uma motocicleta, tendo, inclusive, solicitado a presen\u00e7a de policiais para realizar o boletim de ocorr\u00eancia.<\/p>\n<p>O pai de um dos detidos, que tamb\u00e9m \u00e9 autor da a\u00e7\u00e3o, conta que aproximadamente doze policiais civis fortemente armados foram at\u00e9 sua casa, solicitando informa\u00e7\u00f5es acerca do paradeiro de seu filho. Ele acrescenta que teria sido for\u00e7ado a entrar na viatura e guiar os policiais at\u00e9 o local onde o filho estaria.<\/p>\n<p>O cidad\u00e3o alega que teria sofrido agress\u00f5es e amea\u00e7as e, em raz\u00e3o disso, teve um grande abalo em sua sa\u00fade e acabou sofrendo um enfarto, precisando ser levado para o pronto socorro de Alto Lage.<\/p>\n<p>Diante do exposto, o juiz respons\u00e1vel pelo caso acolheu parcialmente o pedido e condenou o Estado a indenizar em R$ 60 mil, a t\u00edtulo de danos morais, sendo R$ 30 mil para cada um dos homens detidos indevidamente pela pol\u00edcia.<\/p>\n<p>Processo n\u00ba: 0022384-63.2016.8.08.0012<\/p>\n<p>Vit\u00f3ria, 26 de fevereiro de 2018.<\/p>\n<p>Informa\u00e7\u00f5es \u00e0 Imprensa:<\/p>\n<p>Assessoria de Imprensa e Comunica\u00e7\u00e3o Social do TJES<\/p>\n<p>Texto: Gabriela Valdetaro \u2013 gvvieira@tjes.jus.br<\/p>\n<p>Andr\u00e9a Resende<\/p>\n<p>Assessora de Comunica\u00e7\u00e3o do TJES<\/p>\n<p>imprensa@tjes.jus.br<\/p>\n<p>www.tjes.jus.br<\/p>\n","protected":false},"excerpt":{"rendered":"<p>equerido ter\u00e1 que pagar a quantia de R$ 30 mil para cada autor da a\u00e7\u00e3o.<\/p>\n<p>O juiz da Vara da Fazenda P\u00fablica Estadual de Cariacica condenou o Estado a indenizar, em R$ 60 mil, a t\u00edtulo de danos morais, dois homens que foram detidos indevidamente por policiais.<\/p>\n","protected":false},"author":1,"featured_media":0,"comment_status":"open","ping_status":"open","sticky":false,"template":"","format":"standard","meta":{"_joinchat":[],"footnotes":""},"categories":[],"tags":[],"class_list":["post-723","post","type-post","status-publish","format-standard","hentry"],"_links":{"self":[{"href":"https:\/\/www.abn.adv.br\/noticiasjuridicas\/wp-json\/wp\/v2\/posts\/723","targetHints":{"allow":["GET"]}}],"collection":[{"href":"https:\/\/www.abn.adv.br\/noticiasjuridicas\/wp-json\/wp\/v2\/posts"}],"about":[{"href":"https:\/\/www.abn.adv.br\/noticiasjuridicas\/wp-json\/wp\/v2\/types\/post"}],"author":[{"embeddable":true,"href":"https:\/\/www.abn.adv.br\/noticiasjuridicas\/wp-json\/wp\/v2\/users\/1"}],"replies":[{"embeddable":true,"href":"https:\/\/www.abn.adv.br\/noticiasjuridicas\/wp-json\/wp\/v2\/comments?post=723"}],"version-history":[{"count":0,"href":"https:\/\/www.abn.adv.br\/noticiasjuridicas\/wp-json\/wp\/v2\/posts\/723\/revisions"}],"wp:attachment":[{"href":"https:\/\/www.abn.adv.br\/noticiasjuridicas\/wp-json\/wp\/v2\/media?parent=723"}],"wp:term":[{"taxonomy":"category","embeddable":true,"href":"https:\/\/www.abn.adv.br\/noticiasjuridicas\/wp-json\/wp\/v2\/categories?post=723"},{"taxonomy":"post_tag","embeddable":true,"href":"https:\/\/www.abn.adv.br\/noticiasjuridicas\/wp-json\/wp\/v2\/tags?post=723"}],"curies":[{"name":"wp","href":"https:\/\/api.w.org\/{rel}","templated":true}]}}