{"id":691,"date":"2017-11-07T00:00:00","date_gmt":"2017-11-07T03:00:00","guid":{"rendered":"https:\/\/www.abn.adv.br\/noticiasjuridicas\/2017\/11\/07\/delegado-de-policia-e-condenado-por-atos-de-improbidade-administrativa\/"},"modified":"2017-11-07T00:00:00","modified_gmt":"2017-11-07T03:00:00","slug":"delegado-de-policia-e-condenado-por-atos-de-improbidade-administrativa","status":"publish","type":"post","link":"https:\/\/www.abn.adv.br\/noticiasjuridicas\/2017\/11\/07\/delegado-de-policia-e-condenado-por-atos-de-improbidade-administrativa\/","title":{"rendered":"Delegado de pol\u00edcia \u00e9 condenado por atos de improbidade administrativa"},"content":{"rendered":"<p>R\u00e9u deixou de lavrar auto de pris\u00e3o em flagrante.<\/p>\n<p>        A Vara da Fazenda P\u00fablica de Mogi das Cruzes condenou delegado de pol\u00edcia por atos de improbidade administrativa. O r\u00e9u foi sentenciado \u00e0 perda do cargo p\u00fablico, ao pagamento de multa civil equivalente a 20 vezes o valor de sua remunera\u00e7\u00e3o \u00e0 \u00e9poca dos fatos, e \u00e0 proibi\u00e7\u00e3o de contratar com o Poder P\u00fablico e dele receber incentivos fiscais ou credit\u00edcios pelo prazo de tr\u00eas anos.<\/p>\n<p>        Consta dos autos que o r\u00e9u teria deixado de lavrar o auto de pris\u00e3o em flagrante de uma mulher surpreendida ao tentar visitar um preso no Centro de Deten\u00e7\u00e3o Provis\u00f3ria da cidade portando 40 gramas de maconha.<\/p>\n<p>        Ao proferir a senten\u00e7a, o juiz Bruno Machado Miano afirmou que o r\u00e9u violou deveres decorrentes do exerc\u00edcio da fun\u00e7\u00e3o e determinou a condena\u00e7\u00e3o. \u201cV\u00ea-se que o r\u00e9u, irrefragavelmente, com seu agir doloso, violou os deveres de honestidade (profissional, in casu) e de lealdade institucional, tendo deixado de praticar, indevidamente, ato de of\u00edcio (a lavratura da pris\u00e3o em flagrante por tr\u00e1fico de entorpecente).<\/p>\n<p>        Processo n\u00ba 1008253-56.2014.8.26.0361<\/p>\n<p>FONTE: TJSP<\/p>\n","protected":false},"excerpt":{"rendered":"<p>R\u00e9u deixou de lavrar auto de pris\u00e3o em flagrante.<\/p>\n<p>        A Vara da Fazenda P\u00fablica de Mogi das Cruzes condenou delegado de pol\u00edcia por atos de improbidade administrativa. O r\u00e9u foi sentenciado \u00e0 perda do cargo p\u00fablico, ao pagamento de multa civil equivalente a 20 vezes o valor de sua remunera\u00e7\u00e3o \u00e0 \u00e9poca dos fatos, e \u00e0 proibi\u00e7\u00e3o de contratar com o Poder P\u00fablico e dele receber incentivos fiscais ou credit\u00edcios pelo prazo de tr\u00eas anos.<\/p>\n","protected":false},"author":1,"featured_media":0,"comment_status":"open","ping_status":"open","sticky":false,"template":"","format":"standard","meta":{"_joinchat":[],"footnotes":""},"categories":[],"tags":[],"class_list":["post-691","post","type-post","status-publish","format-standard","hentry"],"_links":{"self":[{"href":"https:\/\/www.abn.adv.br\/noticiasjuridicas\/wp-json\/wp\/v2\/posts\/691","targetHints":{"allow":["GET"]}}],"collection":[{"href":"https:\/\/www.abn.adv.br\/noticiasjuridicas\/wp-json\/wp\/v2\/posts"}],"about":[{"href":"https:\/\/www.abn.adv.br\/noticiasjuridicas\/wp-json\/wp\/v2\/types\/post"}],"author":[{"embeddable":true,"href":"https:\/\/www.abn.adv.br\/noticiasjuridicas\/wp-json\/wp\/v2\/users\/1"}],"replies":[{"embeddable":true,"href":"https:\/\/www.abn.adv.br\/noticiasjuridicas\/wp-json\/wp\/v2\/comments?post=691"}],"version-history":[{"count":0,"href":"https:\/\/www.abn.adv.br\/noticiasjuridicas\/wp-json\/wp\/v2\/posts\/691\/revisions"}],"wp:attachment":[{"href":"https:\/\/www.abn.adv.br\/noticiasjuridicas\/wp-json\/wp\/v2\/media?parent=691"}],"wp:term":[{"taxonomy":"category","embeddable":true,"href":"https:\/\/www.abn.adv.br\/noticiasjuridicas\/wp-json\/wp\/v2\/categories?post=691"},{"taxonomy":"post_tag","embeddable":true,"href":"https:\/\/www.abn.adv.br\/noticiasjuridicas\/wp-json\/wp\/v2\/tags?post=691"}],"curies":[{"name":"wp","href":"https:\/\/api.w.org\/{rel}","templated":true}]}}