{"id":690,"date":"2017-11-07T00:00:00","date_gmt":"2017-11-07T03:00:00","guid":{"rendered":"https:\/\/www.abn.adv.br\/noticiasjuridicas\/2017\/11\/07\/mantida-sentenca-que-condenou-serraria-e-funcionario-a-indenizarem-familia-de-motociclista\/"},"modified":"2017-11-07T00:00:00","modified_gmt":"2017-11-07T03:00:00","slug":"mantida-sentenca-que-condenou-serraria-e-funcionario-a-indenizarem-familia-de-motociclista","status":"publish","type":"post","link":"https:\/\/www.abn.adv.br\/noticiasjuridicas\/2017\/11\/07\/mantida-sentenca-que-condenou-serraria-e-funcionario-a-indenizarem-familia-de-motociclista\/","title":{"rendered":"Mantida senten\u00e7a que condenou serraria e funcion\u00e1rio a indenizarem fam\u00edlia de motociclista"},"content":{"rendered":"<p>V\u00edtima faleceu ap\u00f3s acidente com trator da empresa.<\/p>\n<p>        A 33\u00aa C\u00e2mara de Direito Privado do Tribunal de Justi\u00e7a de S\u00e3o Paulo manteve senten\u00e7a, proferida pelo juiz Alexandre Rodrigues Ferreira, da 3\u00aa Vara C\u00edvel de Santa Cruz do Rio Pardo, que condenou uma serraria e um funcion\u00e1rio a indenizar o filho e a esposa de motociclista que morreu ap\u00f3s acidente com trator pertencente \u00e0 empresa. Eles foram condenados a pagar, solidariamente, R$ 50 mil a t\u00edtulos de danos morais a cada um dos autores, al\u00e9m de pens\u00e3o mensal no valor de um sal\u00e1rio m\u00ednimo, at\u00e9 o momento em que a v\u00edtima completaria 70 anos de idade.<\/p>\n<p>        Consta nos autos que o motociclista estava em uma rodovia da regi\u00e3o quando atingiu a traseira do trator e foi arremessado e atropelado por ve\u00edculo que vinha em sentido contr\u00e1rio. O funcion\u00e1rio que conduzia o trator n\u00e3o tinha habilita\u00e7\u00e3o e trafegava com o farol traseiro apagado.<\/p>\n<p>        Para o desembargador Eros Piceli, relator da apela\u00e7\u00e3o, os r\u00e9us pretendiam o reconhecimento de culpa exclusiva da v\u00edtima, mas as provas trazidas aos autos n\u00e3o comprovaram o alegado. \u201cFicou evidente que o acidente n\u00e3o foi causado por culpa do condutor da motocicleta, mas por imprud\u00eancia do condutor do trator, que seguiu em trecho de rodovia em hor\u00e1rio com prec\u00e1rias condi\u00e7\u00f5es de visibilidade com o farol traseiro apagado.\u201d<\/p>\n<p>        O julgamento, un\u00e2nime, contou com a participa\u00e7\u00e3o dos desembargadores S\u00e1 Duarte e Luiz Eurico.<\/p>\n<p>        Apela\u00e7\u00e3o n\u00ba 0004514-77.2013.8.26.0539<\/p>\n<p> FONTE: TJSP<\/p>\n","protected":false},"excerpt":{"rendered":"<p>A 33\u00aa C\u00e2mara de Direito Privado do Tribunal de Justi\u00e7a de S\u00e3o Paulo manteve senten\u00e7a, proferida pelo juiz Alexandre Rodrigues Ferreira, da 3\u00aa Vara C\u00edvel de Santa Cruz do Rio Pardo, que condenou uma serraria e um funcion\u00e1rio a indenizar o filho e a esposa de motociclista que morreu ap\u00f3s acidente com trator pertencente \u00e0 empresa. Eles foram condenados a pagar, solidariamente, R$ 50 mil a t\u00edtulos de danos morais a cada um dos autores, al\u00e9m de pens\u00e3o mensal no valor de um sal\u00e1rio m\u00ednimo, at\u00e9 o momento em que a v\u00edtima completaria 70 anos de idade.<\/p>\n","protected":false},"author":1,"featured_media":0,"comment_status":"open","ping_status":"open","sticky":false,"template":"","format":"standard","meta":{"_joinchat":[],"footnotes":""},"categories":[],"tags":[],"class_list":["post-690","post","type-post","status-publish","format-standard","hentry"],"_links":{"self":[{"href":"https:\/\/www.abn.adv.br\/noticiasjuridicas\/wp-json\/wp\/v2\/posts\/690","targetHints":{"allow":["GET"]}}],"collection":[{"href":"https:\/\/www.abn.adv.br\/noticiasjuridicas\/wp-json\/wp\/v2\/posts"}],"about":[{"href":"https:\/\/www.abn.adv.br\/noticiasjuridicas\/wp-json\/wp\/v2\/types\/post"}],"author":[{"embeddable":true,"href":"https:\/\/www.abn.adv.br\/noticiasjuridicas\/wp-json\/wp\/v2\/users\/1"}],"replies":[{"embeddable":true,"href":"https:\/\/www.abn.adv.br\/noticiasjuridicas\/wp-json\/wp\/v2\/comments?post=690"}],"version-history":[{"count":0,"href":"https:\/\/www.abn.adv.br\/noticiasjuridicas\/wp-json\/wp\/v2\/posts\/690\/revisions"}],"wp:attachment":[{"href":"https:\/\/www.abn.adv.br\/noticiasjuridicas\/wp-json\/wp\/v2\/media?parent=690"}],"wp:term":[{"taxonomy":"category","embeddable":true,"href":"https:\/\/www.abn.adv.br\/noticiasjuridicas\/wp-json\/wp\/v2\/categories?post=690"},{"taxonomy":"post_tag","embeddable":true,"href":"https:\/\/www.abn.adv.br\/noticiasjuridicas\/wp-json\/wp\/v2\/tags?post=690"}],"curies":[{"name":"wp","href":"https:\/\/api.w.org\/{rel}","templated":true}]}}