{"id":69,"date":"2019-10-16T19:48:31","date_gmt":"2019-10-16T22:48:31","guid":{"rendered":"https:\/\/www.abn.adv.br\/noticiasjuridicas\/?p=69"},"modified":"2019-10-16T19:48:31","modified_gmt":"2019-10-16T22:48:31","slug":"decisao-municipio-de-bertioga-nao-pode-desmatar-area-de-preservacao-para-instalacao-de-lo","status":"publish","type":"post","link":"https:\/\/www.abn.adv.br\/noticiasjuridicas\/2019\/10\/16\/decisao-municipio-de-bertioga-nao-pode-desmatar-area-de-preservacao-para-instalacao-de-lo\/","title":{"rendered":"DECIS\u00c3O: Munic\u00edpio de Bertioga n\u00e3o pode desmatar \u00e1rea de preserva\u00e7\u00e3o para instala\u00e7\u00e3o de lo"},"content":{"rendered":"<p>[b]DECIS\u00c3O: Munic\u00edpio de Bertioga n\u00e3o pode desmatar \u00e1rea de preserva\u00e7\u00e3o para instala\u00e7\u00e3o de loteamento[\/b]  [br] <\/p>\n<p> O munic\u00edpio de Bertioga (SP) n\u00e3o pode desmatar \u00e1rea de preserva\u00e7\u00e3o ambiental para criar loteamento. O presidente do Superior Tribunal de Justi\u00e7a (STJ), ministro Ari Pargendler, negou o pedido de suspens\u00e3o de liminar e de senten\u00e7a que suspendeu autoriza\u00e7\u00e3o concedida. <\/p>\n<p>O juiz de primeiro grau atendeu o pedido do Minist\u00e9rio P\u00fablico estadual e suspendeu os efeitos da Autoriza\u00e7\u00e3o 45\/2006, que permitiu o desmatamento em \u00e1rea de prote\u00e7\u00e3o ambiental. Imp\u00f4s o dever de n\u00e3o fazer consistente na absten\u00e7\u00e3o de desmatamento nas \u00e1reas indicadas na licen\u00e7a mencionada em que tal fato ainda n\u00e3o ocorreu. Por fim, impediu a realiza\u00e7\u00e3o de qualquer obra ou interven\u00e7\u00e3o degradante do meio ambiente natural. <\/p>\n<p>O munic\u00edpio de Bertioga recorreu ao Tribunal de Justi\u00e7a de S\u00e3o Paulo, por meio de agravo, mas a liminar foi mantida. Inconformado, o munic\u00edpio ingressou com pedido de suspens\u00e3o de liminar e de senten\u00e7a no STJ. <\/p>\n<p>O ministro Pargendler destacou que a decis\u00e3o foi proferida nos autos de a\u00e7\u00e3o cautelar, que tem objeto pr\u00f3prio e pode ter desfecho diferente daquele que resultar da a\u00e7\u00e3o principal. Segundo ele, esse objeto consiste na necessidade da tutela cautelar. Sob esse entendimento, dificilmente a a\u00e7\u00e3o cautelar ser\u00e1 julgada improcedente. Sem ela, que tem natureza preparat\u00f3ria da a\u00e7\u00e3o principal, a a\u00e7\u00e3o civil p\u00fablica ficaria prejudicada, pois, levantadas as edifica\u00e7\u00f5es, o dano que ela quer evitar seria consumado. <\/p>\n<p>O presidente ressaltou que, n\u00e3o obstante o empreendimento imobili\u00e1rio Riviera de S\u00e3o Louren\u00e7o tenha trazido grandes benef\u00edcios ao munic\u00edpio de Bertioga, o interesse p\u00fablico prevalente na esp\u00e9cie \u00e9 o da defesa do meio ambiente e, neste \u00e2mbito, impera o princ\u00edpio da precau\u00e7\u00e3o. <\/p>\n<p>Por fim, o ministro salientou que uma decis\u00e3o que suspenda os efeitos daquela proferida na inst\u00e2ncia ordin\u00e1ria teria o impacto de uma arbitrariedade, pois, sem o julgamento precedido do contradit\u00f3rio regular, a a\u00e7\u00e3o civil p\u00fablica seria de fato mutilada.<\/p>\n<p>FONTE: STJ<br \/>\nCoordenadoria de Editoria e Imprensa do STJ.<\/p>\n","protected":false},"excerpt":{"rendered":"<p>NULL<\/p>\n","protected":false},"author":1,"featured_media":0,"comment_status":"open","ping_status":"open","sticky":false,"template":"","format":"standard","meta":{"_joinchat":[],"footnotes":""},"categories":[],"tags":[],"class_list":["post-69","post","type-post","status-publish","format-standard","hentry"],"_links":{"self":[{"href":"https:\/\/www.abn.adv.br\/noticiasjuridicas\/wp-json\/wp\/v2\/posts\/69","targetHints":{"allow":["GET"]}}],"collection":[{"href":"https:\/\/www.abn.adv.br\/noticiasjuridicas\/wp-json\/wp\/v2\/posts"}],"about":[{"href":"https:\/\/www.abn.adv.br\/noticiasjuridicas\/wp-json\/wp\/v2\/types\/post"}],"author":[{"embeddable":true,"href":"https:\/\/www.abn.adv.br\/noticiasjuridicas\/wp-json\/wp\/v2\/users\/1"}],"replies":[{"embeddable":true,"href":"https:\/\/www.abn.adv.br\/noticiasjuridicas\/wp-json\/wp\/v2\/comments?post=69"}],"version-history":[{"count":0,"href":"https:\/\/www.abn.adv.br\/noticiasjuridicas\/wp-json\/wp\/v2\/posts\/69\/revisions"}],"wp:attachment":[{"href":"https:\/\/www.abn.adv.br\/noticiasjuridicas\/wp-json\/wp\/v2\/media?parent=69"}],"wp:term":[{"taxonomy":"category","embeddable":true,"href":"https:\/\/www.abn.adv.br\/noticiasjuridicas\/wp-json\/wp\/v2\/categories?post=69"},{"taxonomy":"post_tag","embeddable":true,"href":"https:\/\/www.abn.adv.br\/noticiasjuridicas\/wp-json\/wp\/v2\/tags?post=69"}],"curies":[{"name":"wp","href":"https:\/\/api.w.org\/{rel}","templated":true}]}}