{"id":689,"date":"2017-11-07T00:00:00","date_gmt":"2017-11-07T03:00:00","guid":{"rendered":"https:\/\/www.abn.adv.br\/noticiasjuridicas\/2017\/11\/07\/justica-condena-trio-acusado-de-trafico-de-drogas\/"},"modified":"2017-11-07T00:00:00","modified_gmt":"2017-11-07T03:00:00","slug":"justica-condena-trio-acusado-de-trafico-de-drogas","status":"publish","type":"post","link":"https:\/\/www.abn.adv.br\/noticiasjuridicas\/2017\/11\/07\/justica-condena-trio-acusado-de-trafico-de-drogas\/","title":{"rendered":"Justi\u00e7a condena trio acusado de tr\u00e1fico de drogas"},"content":{"rendered":"<p>Pena foi fixada em cinco anos de reclus\u00e3o.<\/p>\n<p>        A ju\u00edza Ana Lucia Fernandes Queiroga, da 16\u00aa Vara Criminal Central, condenou tr\u00eas homens acusados de tr\u00e1fico de entorpecentes a cinco anos de reclus\u00e3o, em regime inicial fechado, al\u00e9m do pagamento de 500 dias-multa, no patamar m\u00ednimo. <\/p>\n<p>        Consta da den\u00fancia que policiais civis realizavam patrulhamento de rotina pelo local, um conhecido ponto de venda de drogas, quando notaram os homens em atitude suspeita, sentados em uma pra\u00e7a. Com os acusados foi encontrada uma sacola contendo aproximadamente 58 gramas de coca\u00edna e 100 gramas de maconha.<\/p>\n<p>        Na senten\u00e7a, a magistrada destacou que \u201ca forma como estava acondicionada, em por\u00e7\u00f5es individuais, pronta para a comercializa\u00e7\u00e3o, e o modo como se comportavam, estando reunidos em local conhecido como ponto de venda de drogas, constituem circunst\u00e2ncias que sustentam a conclus\u00e3o, sem  margem de erro, da pr\u00e1tica de crime de tr\u00e1fico\u201d.<\/p>\n<p>        Processo n\u00ba 0053719-82.2016.8.26.0050<\/p>\n<p>FONTE: TJSP<\/p>\n","protected":false},"excerpt":{"rendered":"<p>Pena foi fixada em cinco anos de reclus\u00e3o.<\/p>\n<p>        A ju\u00edza Ana Lucia Fernandes Queiroga, da 16\u00aa Vara Criminal Central, condenou tr\u00eas homens acusados de tr\u00e1fico de entorpecentes a cinco anos de reclus\u00e3o, em regime inicial fechado, al\u00e9m do pagamento de 500 dias-multa, no patamar m\u00ednimo.<\/p>\n","protected":false},"author":1,"featured_media":0,"comment_status":"open","ping_status":"open","sticky":false,"template":"","format":"standard","meta":{"_joinchat":[],"footnotes":""},"categories":[],"tags":[],"class_list":["post-689","post","type-post","status-publish","format-standard","hentry"],"_links":{"self":[{"href":"https:\/\/www.abn.adv.br\/noticiasjuridicas\/wp-json\/wp\/v2\/posts\/689","targetHints":{"allow":["GET"]}}],"collection":[{"href":"https:\/\/www.abn.adv.br\/noticiasjuridicas\/wp-json\/wp\/v2\/posts"}],"about":[{"href":"https:\/\/www.abn.adv.br\/noticiasjuridicas\/wp-json\/wp\/v2\/types\/post"}],"author":[{"embeddable":true,"href":"https:\/\/www.abn.adv.br\/noticiasjuridicas\/wp-json\/wp\/v2\/users\/1"}],"replies":[{"embeddable":true,"href":"https:\/\/www.abn.adv.br\/noticiasjuridicas\/wp-json\/wp\/v2\/comments?post=689"}],"version-history":[{"count":0,"href":"https:\/\/www.abn.adv.br\/noticiasjuridicas\/wp-json\/wp\/v2\/posts\/689\/revisions"}],"wp:attachment":[{"href":"https:\/\/www.abn.adv.br\/noticiasjuridicas\/wp-json\/wp\/v2\/media?parent=689"}],"wp:term":[{"taxonomy":"category","embeddable":true,"href":"https:\/\/www.abn.adv.br\/noticiasjuridicas\/wp-json\/wp\/v2\/categories?post=689"},{"taxonomy":"post_tag","embeddable":true,"href":"https:\/\/www.abn.adv.br\/noticiasjuridicas\/wp-json\/wp\/v2\/tags?post=689"}],"curies":[{"name":"wp","href":"https:\/\/api.w.org\/{rel}","templated":true}]}}