{"id":688,"date":"2017-03-07T00:00:00","date_gmt":"2017-03-07T03:00:00","guid":{"rendered":"https:\/\/www.abn.adv.br\/noticiasjuridicas\/2017\/03\/07\/julgamento-tem-inicio-as-10-horas-comeca-hoje-3-as-10-horas-no-5o-tribunal-do-juri-da-capital-no-forum-da-barra-funda-o-julgamento-de-alfredo-jose-dos-santos-acusado-de-duas-tentat\/"},"modified":"2017-03-07T00:00:00","modified_gmt":"2017-03-07T03:00:00","slug":"julgamento-tem-inicio-as-10-horas-comeca-hoje-3-as-10-horas-no-5o-tribunal-do-juri-da-capital-no-forum-da-barra-funda-o-julgamento-de-alfredo-jose-dos-santos-acusado-de-duas-tentat","status":"publish","type":"post","link":"https:\/\/www.abn.adv.br\/noticiasjuridicas\/2017\/03\/07\/julgamento-tem-inicio-as-10-horas-comeca-hoje-3-as-10-horas-no-5o-tribunal-do-juri-da-capital-no-forum-da-barra-funda-o-julgamento-de-alfredo-jose-dos-santos-acusado-de-duas-tentat\/","title":{"rendered":"Julgamento tem in\u00edcio \u00e0s 10 horas.             Come\u00e7a hoje (3), \u00e0s 10 horas, no 5\u00ba Tribunal do J\u00fari da Capital, no f\u00f3rum da Barra Funda, o julgamento de Alfredo Jos\u00e9 dos Santos, acusado de duas tentativas de homic\u00eddio, praticadas contra uma ju\u00edza e um vig"},"content":{"rendered":"<p>Julgamento tem in\u00edcio \u00e0s 10 horas.<\/p>\n<p>        Come\u00e7a hoje (3), \u00e0s 10 horas, no 5\u00ba Tribunal do J\u00fari da Capital, no f\u00f3rum da Barra Funda, o julgamento de Alfredo Jos\u00e9 dos Santos, acusado de duas tentativas de homic\u00eddio, praticadas contra uma ju\u00edza e um vigilante, no Foro Regional do Butant\u00e3, em mar\u00e7o do ano passado. O julgamento ser\u00e1 presidido pelo juiz Adilson Paukoski Simoni.<\/p>\n<p>        Segundo a den\u00fancia, na data dos fatos o acusado ingressou no f\u00f3rum e, ap\u00f3s se livrar da equipe de seguran\u00e7a, jogou uma bomba incendi\u00e1ria contra uma das v\u00edtimas. Em seguida, dirigiu-se \u00e0 sala de audi\u00eancias onde se encontrava a ju\u00edza e amea\u00e7ou mat\u00e1-la. Em um momento de descuido, acabou dominado por policiais militares e preso.<\/p>\n<p>        Processo n\u00ba 0001260-97.2016.8.26.0052<\/p>\n<p> FONTE: TJSP<\/p>\n","protected":false},"excerpt":{"rendered":"<p>Julgamento tem in\u00edcio \u00e0s 10 horas.<\/p>\n<p>        Come\u00e7a hoje (3), \u00e0s 10 horas, no 5\u00ba Tribunal do J\u00fari da Capital, no f\u00f3rum da Barra Funda, o julgamento de Alfredo Jos\u00e9 dos Santos, acusado de duas tentativas de homic\u00eddio, praticadas contra uma ju\u00edza e um vigilante, no Foro Regional do Butant\u00e3, em mar\u00e7o do ano passado. O julgamento ser\u00e1 presidido pelo juiz Adilson Paukoski Simoni.<\/p>\n","protected":false},"author":1,"featured_media":0,"comment_status":"open","ping_status":"open","sticky":false,"template":"","format":"standard","meta":{"_joinchat":[],"footnotes":""},"categories":[],"tags":[],"class_list":["post-688","post","type-post","status-publish","format-standard","hentry"],"_links":{"self":[{"href":"https:\/\/www.abn.adv.br\/noticiasjuridicas\/wp-json\/wp\/v2\/posts\/688","targetHints":{"allow":["GET"]}}],"collection":[{"href":"https:\/\/www.abn.adv.br\/noticiasjuridicas\/wp-json\/wp\/v2\/posts"}],"about":[{"href":"https:\/\/www.abn.adv.br\/noticiasjuridicas\/wp-json\/wp\/v2\/types\/post"}],"author":[{"embeddable":true,"href":"https:\/\/www.abn.adv.br\/noticiasjuridicas\/wp-json\/wp\/v2\/users\/1"}],"replies":[{"embeddable":true,"href":"https:\/\/www.abn.adv.br\/noticiasjuridicas\/wp-json\/wp\/v2\/comments?post=688"}],"version-history":[{"count":0,"href":"https:\/\/www.abn.adv.br\/noticiasjuridicas\/wp-json\/wp\/v2\/posts\/688\/revisions"}],"wp:attachment":[{"href":"https:\/\/www.abn.adv.br\/noticiasjuridicas\/wp-json\/wp\/v2\/media?parent=688"}],"wp:term":[{"taxonomy":"category","embeddable":true,"href":"https:\/\/www.abn.adv.br\/noticiasjuridicas\/wp-json\/wp\/v2\/categories?post=688"},{"taxonomy":"post_tag","embeddable":true,"href":"https:\/\/www.abn.adv.br\/noticiasjuridicas\/wp-json\/wp\/v2\/tags?post=688"}],"curies":[{"name":"wp","href":"https:\/\/api.w.org\/{rel}","templated":true}]}}