{"id":685,"date":"2017-03-07T00:00:00","date_gmt":"2017-03-07T03:00:00","guid":{"rendered":"https:\/\/www.abn.adv.br\/noticiasjuridicas\/2017\/03\/07\/vereador-de-franca-deve-indenizar-por-agressao\/"},"modified":"2017-03-07T00:00:00","modified_gmt":"2017-03-07T03:00:00","slug":"vereador-de-franca-deve-indenizar-por-agressao","status":"publish","type":"post","link":"https:\/\/www.abn.adv.br\/noticiasjuridicas\/2017\/03\/07\/vereador-de-franca-deve-indenizar-por-agressao\/","title":{"rendered":"Vereador de Franca deve indenizar por agress\u00e3o"},"content":{"rendered":"<p>Discuss\u00e3o ocorreu por diverg\u00eancias sobre PL.<\/p>\n<p>        A 8\u00aa C\u00e2mara de Direito Privado do Tribunal de Justi\u00e7a de S\u00e3o Paulo manteve senten\u00e7a que condenou vereador de Franca a indenizar homem agredido por ele ap\u00f3s sess\u00e3o legislativa. O valor da indeniza\u00e7\u00e3o foi fixado em R$ 20 mil, a t\u00edtulo de danos morais, em senten\u00e7a proferida pela ju\u00edza Julieta Maria Passeri de Souza, da 4\u00aa Vara C\u00edvel de Franca.<\/p>\n<p>        Consta nos autos que, ap\u00f3s uma discuss\u00e3o na C\u00e2mara Municipal da cidade, o agente p\u00fablico deu um tapa no rosto do homem, em raz\u00e3o de diverg\u00eancias sobre a aprova\u00e7\u00e3o de um projeto de lei.  <\/p>\n<p>        Para o desembargador Theodureto de Camargo, relator da apela\u00e7\u00e3o, \u201cno caso dos autos, o vereador no Munic\u00edpio de Franca ofendeu o autor dentro da C\u00e2mara Municipal, na presen\u00e7a de um n\u00famero indeterminado de pessoas, alterca\u00e7\u00e3o que culminou com um tapa na face do ora apelado, circunst\u00e2ncia que, sem d\u00favida, tem o cond\u00e3o de abalar sua honra, incutindo-lhe sofrimento desnecess\u00e1rio e sentimento de menosprezo. Portanto, tem o requerente direito \u00e0 indeniza\u00e7\u00e3o\u201d.<\/p>\n<p>        A vota\u00e7\u00e3o, un\u00e2nime, teve tamb\u00e9m a participa\u00e7\u00e3o dos desembargadores Alexandre Coelho e Clara Maria Ara\u00fajo Xavier.<\/p>\n<p>        Apela\u00e7\u00e3o n\u00ba 1014617-20.2015.8.26.0196<\/p>\n<p> FONTE: TJSP<\/p>\n","protected":false},"excerpt":{"rendered":"<p>Discuss\u00e3o ocorreu por diverg\u00eancias sobre PL.<\/p>\n<p>        A 8\u00aa C\u00e2mara de Direito Privado do Tribunal de Justi\u00e7a de S\u00e3o Paulo manteve senten\u00e7a que condenou vereador de Franca a indenizar homem agredido por ele ap\u00f3s sess\u00e3o legislativa. O valor da indeniza\u00e7\u00e3o foi fixado em R$ 20 mil, a t\u00edtulo de danos morais, em senten\u00e7a proferida pela ju\u00edza Julieta Maria Passeri de Souza, da 4\u00aa Vara C\u00edvel de Franca.<\/p>\n","protected":false},"author":1,"featured_media":0,"comment_status":"open","ping_status":"open","sticky":false,"template":"","format":"standard","meta":{"_joinchat":[],"footnotes":""},"categories":[],"tags":[],"class_list":["post-685","post","type-post","status-publish","format-standard","hentry"],"_links":{"self":[{"href":"https:\/\/www.abn.adv.br\/noticiasjuridicas\/wp-json\/wp\/v2\/posts\/685","targetHints":{"allow":["GET"]}}],"collection":[{"href":"https:\/\/www.abn.adv.br\/noticiasjuridicas\/wp-json\/wp\/v2\/posts"}],"about":[{"href":"https:\/\/www.abn.adv.br\/noticiasjuridicas\/wp-json\/wp\/v2\/types\/post"}],"author":[{"embeddable":true,"href":"https:\/\/www.abn.adv.br\/noticiasjuridicas\/wp-json\/wp\/v2\/users\/1"}],"replies":[{"embeddable":true,"href":"https:\/\/www.abn.adv.br\/noticiasjuridicas\/wp-json\/wp\/v2\/comments?post=685"}],"version-history":[{"count":0,"href":"https:\/\/www.abn.adv.br\/noticiasjuridicas\/wp-json\/wp\/v2\/posts\/685\/revisions"}],"wp:attachment":[{"href":"https:\/\/www.abn.adv.br\/noticiasjuridicas\/wp-json\/wp\/v2\/media?parent=685"}],"wp:term":[{"taxonomy":"category","embeddable":true,"href":"https:\/\/www.abn.adv.br\/noticiasjuridicas\/wp-json\/wp\/v2\/categories?post=685"},{"taxonomy":"post_tag","embeddable":true,"href":"https:\/\/www.abn.adv.br\/noticiasjuridicas\/wp-json\/wp\/v2\/tags?post=685"}],"curies":[{"name":"wp","href":"https:\/\/api.w.org\/{rel}","templated":true}]}}