{"id":667,"date":"2017-08-06T00:00:00","date_gmt":"2017-08-06T03:00:00","guid":{"rendered":"https:\/\/www.abn.adv.br\/noticiasjuridicas\/2017\/08\/06\/juizado-do-torcedor-condena-palmeirenses-por-roubar-e-agredir-rivais\/"},"modified":"2017-08-06T00:00:00","modified_gmt":"2017-08-06T03:00:00","slug":"juizado-do-torcedor-condena-palmeirenses-por-roubar-e-agredir-rivais","status":"publish","type":"post","link":"https:\/\/www.abn.adv.br\/noticiasjuridicas\/2017\/08\/06\/juizado-do-torcedor-condena-palmeirenses-por-roubar-e-agredir-rivais\/","title":{"rendered":"Juizado do Torcedor condena palmeirenses por roubar e agredir rivais"},"content":{"rendered":"<p>V\u00edtimas estavam indo para o est\u00e1dio.<\/p>\n<p>        O juiz Ulisses Augusto Pascolati Junior, do Juizado Anexo do Torcedor, condenou, na \u00faltima sexta-feira (2), quatro integrantes de uma torcida organizada do Palmeiras sob a acusa\u00e7\u00e3o de provocar tumulto, roubar e agredir tr\u00eas membros de uma torcida uniformizada do Corinthians. Outros dois acusados neste processo foram absolvidos, porque, segundo o magistrado, \u201cn\u00e3o restou demonstrada a contribui\u00e7\u00e3o dos referidos r\u00e9us para as pr\u00e1ticas criminosas\u201d.<\/p>\n<p>        Os crimes aconteceram em outubro de 2014 no interior de um vag\u00e3o da Companhia Paulista de Trens Metropolitanos (CPTM), quando os corintianos iam assistir a uma partida do seu time e n\u00e3o havia jogo do Palmeiras naquele dia. Outros seis palmeirenses acusados de participa\u00e7\u00e3o na ocorr\u00eancia foram julgados separadamente e condenados em novembro de 2016.<\/p>\n<p>        Segundo a den\u00fancia os acusados se uniram para praticar os crimes, como repres\u00e1lia pela morte de um torcedor palmeirense, supostamente praticada por corintianos. Os r\u00e9us negaram essa vers\u00e3o, afirmando que estavam indo \u00e0 sede da torcida para fazer uma rifa em favor da fam\u00edlia da v\u00edtima quando encontraram os corintianos por acaso.<\/p>\n<p>        Ao proferir a senten\u00e7a, o magistrado destacou ter ficado comprovado que as agress\u00f5es foram uma forma de vingan\u00e7a pela morte, e, por isso, condenou os quatro acusados \u00e0s penas de seis anos, dois meses e 20 dias de reclus\u00e3o, em regime inicial semiaberto, e ao pagamento de 14 dias-multa, no valor unit\u00e1rio m\u00ednimo, pelo crime de roubo; e ao cumprimento de um ano de reclus\u00e3o, em regime inicial aberto, substitu\u00edda pela pena de proibi\u00e7\u00e3o de ir ou de comparecer nas proximidades de est\u00e1dio de futebol onde houver jogos (profissionais ou amadores) da Sociedade Esportiva Palmeiras, realizados na cidade de S\u00e3o Paulo, Estado de S\u00e3o Paulo, Brasil ou exterior, quando o clube for mandante ou visitante, ou amistosos que disputar pelo prazo de dois anos, condicionado ao comparecimento em institui\u00e7\u00e3o indicada pela Central de Penas e Medidas Alternativas (CPMA) e ao pagamento de dez dias-multa, por infra\u00e7\u00e3o ao artigo 41-B, par\u00e1grafo 1\u00ba, inciso I do Estatuto do Torcedor.<\/p>\n<p>FONTE: TJSP<\/p>\n","protected":false},"excerpt":{"rendered":"<p>V\u00edtimas estavam indo para o est\u00e1dio.<\/p>\n<p>        O juiz Ulisses Augusto Pascolati Junior, do Juizado Anexo do Torcedor, condenou, na \u00faltima sexta-feira (2), quatro integrantes de uma torcida organizada do Palmeiras sob a acusa\u00e7\u00e3o de provocar tumulto, roubar e agredir tr\u00eas membros de uma torcida uniformizada do Corinthians. Outros dois acusados neste processo foram absolvidos, porque, segundo o magistrado, \u201cn\u00e3o restou demonstrada a contribui\u00e7\u00e3o dos referidos r\u00e9us para as pr\u00e1ticas criminosas\u201d.<\/p>\n","protected":false},"author":1,"featured_media":0,"comment_status":"open","ping_status":"open","sticky":false,"template":"","format":"standard","meta":{"_joinchat":[],"footnotes":""},"categories":[],"tags":[],"class_list":["post-667","post","type-post","status-publish","format-standard","hentry"],"_links":{"self":[{"href":"https:\/\/www.abn.adv.br\/noticiasjuridicas\/wp-json\/wp\/v2\/posts\/667","targetHints":{"allow":["GET"]}}],"collection":[{"href":"https:\/\/www.abn.adv.br\/noticiasjuridicas\/wp-json\/wp\/v2\/posts"}],"about":[{"href":"https:\/\/www.abn.adv.br\/noticiasjuridicas\/wp-json\/wp\/v2\/types\/post"}],"author":[{"embeddable":true,"href":"https:\/\/www.abn.adv.br\/noticiasjuridicas\/wp-json\/wp\/v2\/users\/1"}],"replies":[{"embeddable":true,"href":"https:\/\/www.abn.adv.br\/noticiasjuridicas\/wp-json\/wp\/v2\/comments?post=667"}],"version-history":[{"count":0,"href":"https:\/\/www.abn.adv.br\/noticiasjuridicas\/wp-json\/wp\/v2\/posts\/667\/revisions"}],"wp:attachment":[{"href":"https:\/\/www.abn.adv.br\/noticiasjuridicas\/wp-json\/wp\/v2\/media?parent=667"}],"wp:term":[{"taxonomy":"category","embeddable":true,"href":"https:\/\/www.abn.adv.br\/noticiasjuridicas\/wp-json\/wp\/v2\/categories?post=667"},{"taxonomy":"post_tag","embeddable":true,"href":"https:\/\/www.abn.adv.br\/noticiasjuridicas\/wp-json\/wp\/v2\/tags?post=667"}],"curies":[{"name":"wp","href":"https:\/\/api.w.org\/{rel}","templated":true}]}}