{"id":666,"date":"2017-08-06T00:00:00","date_gmt":"2017-08-06T03:00:00","guid":{"rendered":"https:\/\/www.abn.adv.br\/noticiasjuridicas\/2017\/08\/06\/prefeitura-e-hospital-de-maua-sao-condenados-a-pagar-indenizacao-por-erro-medico\/"},"modified":"2017-08-06T00:00:00","modified_gmt":"2017-08-06T03:00:00","slug":"prefeitura-e-hospital-de-maua-sao-condenados-a-pagar-indenizacao-por-erro-medico","status":"publish","type":"post","link":"https:\/\/www.abn.adv.br\/noticiasjuridicas\/2017\/08\/06\/prefeitura-e-hospital-de-maua-sao-condenados-a-pagar-indenizacao-por-erro-medico\/","title":{"rendered":"Prefeitura e hospital de Mau\u00e1 s\u00e3o condenados a pagar indeniza\u00e7\u00e3o por erro m\u00e9dico"},"content":{"rendered":"<p>Indeniza\u00e7\u00e3o foi estipulada em R$ 60 mil.<\/p>\n<p>        A 13\u00aa C\u00e2mara de Direito P\u00fablico condenou a Municipalidade de Mau\u00e1 e a Organiza\u00e7\u00e3o Social de Sa\u00fade Funda\u00e7\u00e3o do ABC a indenizarem paciente em raz\u00e3o de falha em atendimento m\u00e9dico. Eles ter\u00e3o que pagar R$ 60 mil a t\u00edtulo de danos morais e est\u00e9ticos, al\u00e9m de pens\u00e3o mensal em valor equivalente a um sal\u00e1rio m\u00ednimo at\u00e9 que o paciente complete 70 anos de idade e ainda fornecer a ele pr\u00f3tese e assist\u00eancia m\u00e9dica.<\/p>\n<p>        Consta dos autos que, ap\u00f3s sofrer acidente dom\u00e9stico que resultou em fratura exposta no cotovelo e fratura fechada no punho, ele foi encaminhado a hospital em Mau\u00e1, mas acabou acometido por infec\u00e7\u00e3o hospitalar, t\u00e9tano e pneumonia, o que implicou a amputa\u00e7\u00e3o de seu bra\u00e7o.<\/p>\n<p>        Para o desembargador Spoladore Dominguez, relator da apela\u00e7\u00e3o, ficou comprovada a falha no atendimento m\u00e9dico, que acarretou graves e irrevers\u00edveis consequ\u00eancias para o paciente. \u201cAnte o que consta do parecer t\u00e9cnico, tenho por presente rela\u00e7\u00e3o de causalidade entre o socorro deficiente, dada a op\u00e7\u00e3o por tratamento em desacordo com a conduta preconizada pelo Minist\u00e9rio da Sa\u00fade, e o agravamento de quadro infeccioso que causou o amputamento de membro do paciente. Assim, presente o dever de indenizar.\u201d<\/p>\n<p>        A vota\u00e7\u00e3o, unanime, contou com a participa\u00e7\u00e3o dos desembargadores Ferraz de Arruda e Ricardo Anafe.<\/p>\n<p>        Apela\u00e7\u00e3o n\u00ba 0018171-14.2012.8.26.0348<\/p>\n<p>FONTE: TJSP<\/p>\n","protected":false},"excerpt":{"rendered":"<p>A 13\u00aa C\u00e2mara de Direito P\u00fablico condenou a Municipalidade de Mau\u00e1 e a Organiza\u00e7\u00e3o Social de Sa\u00fade Funda\u00e7\u00e3o do ABC a indenizarem paciente em raz\u00e3o de falha em atendimento m\u00e9dico. Eles ter\u00e3o que pagar R$ 60 mil a t\u00edtulo de danos morais e est\u00e9ticos, al\u00e9m de pens\u00e3o mensal em valor equivalente a um sal\u00e1rio m\u00ednimo at\u00e9 que o paciente complete 70 anos de idade e ainda fornecer a ele pr\u00f3tese e assist\u00eancia m\u00e9dica.<\/p>\n","protected":false},"author":1,"featured_media":0,"comment_status":"open","ping_status":"open","sticky":false,"template":"","format":"standard","meta":{"_joinchat":[],"footnotes":""},"categories":[],"tags":[],"class_list":["post-666","post","type-post","status-publish","format-standard","hentry"],"_links":{"self":[{"href":"https:\/\/www.abn.adv.br\/noticiasjuridicas\/wp-json\/wp\/v2\/posts\/666","targetHints":{"allow":["GET"]}}],"collection":[{"href":"https:\/\/www.abn.adv.br\/noticiasjuridicas\/wp-json\/wp\/v2\/posts"}],"about":[{"href":"https:\/\/www.abn.adv.br\/noticiasjuridicas\/wp-json\/wp\/v2\/types\/post"}],"author":[{"embeddable":true,"href":"https:\/\/www.abn.adv.br\/noticiasjuridicas\/wp-json\/wp\/v2\/users\/1"}],"replies":[{"embeddable":true,"href":"https:\/\/www.abn.adv.br\/noticiasjuridicas\/wp-json\/wp\/v2\/comments?post=666"}],"version-history":[{"count":0,"href":"https:\/\/www.abn.adv.br\/noticiasjuridicas\/wp-json\/wp\/v2\/posts\/666\/revisions"}],"wp:attachment":[{"href":"https:\/\/www.abn.adv.br\/noticiasjuridicas\/wp-json\/wp\/v2\/media?parent=666"}],"wp:term":[{"taxonomy":"category","embeddable":true,"href":"https:\/\/www.abn.adv.br\/noticiasjuridicas\/wp-json\/wp\/v2\/categories?post=666"},{"taxonomy":"post_tag","embeddable":true,"href":"https:\/\/www.abn.adv.br\/noticiasjuridicas\/wp-json\/wp\/v2\/tags?post=666"}],"curies":[{"name":"wp","href":"https:\/\/api.w.org\/{rel}","templated":true}]}}