{"id":658,"date":"2019-10-16T19:49:33","date_gmt":"2019-10-16T22:49:33","guid":{"rendered":"https:\/\/www.abn.adv.br\/noticiasjuridicas\/?p=658"},"modified":"2021-03-05T16:57:15","modified_gmt":"2021-03-05T19:57:15","slug":"guarda-civil-sera-indenizado-por-acidente-durante-treinamento","status":"publish","type":"post","link":"https:\/\/www.abn.adv.br\/noticiasjuridicas\/2019\/10\/16\/guarda-civil-sera-indenizado-por-acidente-durante-treinamento\/","title":{"rendered":"Guarda civil ser\u00e1 indenizado por acidente durante treinamento"},"content":{"rendered":"<p>Servidor ficou parapl\u00e9gico ap\u00f3s queda.<\/p>\n<p>        A 8\u00aa C\u00e2mara de Direito P\u00fablico do Tribunal de Justi\u00e7a de S\u00e3o Paulo condenou a Prefeitura de Tabo\u00e3o da Serra a indenizar guarda civil metropolitano que ficou parapl\u00e9gico em raz\u00e3o de queda ocorrida durante treinamento. Ele receber\u00e1 R$ 60 mil a t\u00edtulo de danos morais e pens\u00e3o vital\u00edcia, cujo valor ser\u00e1 definido em fase de liquida\u00e7\u00e3o.<\/p>\n<p>        Consta dos autos que ele teria ca\u00eddo no fosso do elevador de um pr\u00e9dio abandonado durante a realiza\u00e7\u00e3o de atividade que simula a repress\u00e3o \u00e0 atividade criminosa e, em raz\u00e3o disso, fraturado a coluna vertebral.<\/p>\n<p>        Para o desembargador Bandeira Lins, ficou caracterizada a culpa da Administra\u00e7\u00e3o no evento. \u201cA ocorr\u00eancia do fato danoso resta inequ\u00edvoco, visto que a queda que vitimou o autor ocorreu apenas em fun\u00e7\u00e3o de sua participa\u00e7\u00e3o no exerc\u00edcio de abordagem. E, no panorama delineado, inevit\u00e1vel imputar-se o evento \u00e0 atua\u00e7\u00e3o culposa da Administra\u00e7\u00e3o.\u201d<\/p>\n<p>        A vota\u00e7\u00e3o ocorreu de forma un\u00e2nime e contou com a participa\u00e7\u00e3o dos desembargadores Leonel Costa e Antonio Celso Faria.<\/p>\n<p>        Apela\u00e7\u00e3o n\u00ba 1006246-26.2014.8.26.0609<\/p>\n<p> FONTE: TJSP<\/p>\n","protected":false},"excerpt":{"rendered":"<p>A 8\u00aa C\u00e2mara de Direito P\u00fablico do Tribunal de Justi\u00e7a de S\u00e3o Paulo condenou a Prefeitura de Tabo\u00e3o da Serra a indenizar guarda civil metropolitano que ficou parapl\u00e9gico em raz\u00e3o de queda ocorrida durante treinamento. Ele receber\u00e1 R$ 60 mil a t\u00edtulo de danos morais e pens\u00e3o vital\u00edcia, cujo valor ser\u00e1 definido em fase de liquida\u00e7\u00e3o.<\/p>\n","protected":false},"author":2,"featured_media":0,"comment_status":"open","ping_status":"open","sticky":false,"template":"","format":"standard","meta":{"_joinchat":[],"footnotes":""},"categories":[97,121,35,51,2],"tags":[266,267,122,103,48,3],"class_list":["post-658","post","type-post","status-publish","format-standard","hentry","category-direito-civil","category-direito-criminal","category-direito-de-familia","category-direito-do-consumidor","category-direito-imobiliario","tag-advogado","tag-direito-civil","tag-direito-criminal","tag-direito-de-familia","tag-direito-do-consumidor","tag-direito-imobiliario"],"_links":{"self":[{"href":"https:\/\/www.abn.adv.br\/noticiasjuridicas\/wp-json\/wp\/v2\/posts\/658","targetHints":{"allow":["GET"]}}],"collection":[{"href":"https:\/\/www.abn.adv.br\/noticiasjuridicas\/wp-json\/wp\/v2\/posts"}],"about":[{"href":"https:\/\/www.abn.adv.br\/noticiasjuridicas\/wp-json\/wp\/v2\/types\/post"}],"author":[{"embeddable":true,"href":"https:\/\/www.abn.adv.br\/noticiasjuridicas\/wp-json\/wp\/v2\/users\/2"}],"replies":[{"embeddable":true,"href":"https:\/\/www.abn.adv.br\/noticiasjuridicas\/wp-json\/wp\/v2\/comments?post=658"}],"version-history":[{"count":1,"href":"https:\/\/www.abn.adv.br\/noticiasjuridicas\/wp-json\/wp\/v2\/posts\/658\/revisions"}],"predecessor-version":[{"id":1653,"href":"https:\/\/www.abn.adv.br\/noticiasjuridicas\/wp-json\/wp\/v2\/posts\/658\/revisions\/1653"}],"wp:attachment":[{"href":"https:\/\/www.abn.adv.br\/noticiasjuridicas\/wp-json\/wp\/v2\/media?parent=658"}],"wp:term":[{"taxonomy":"category","embeddable":true,"href":"https:\/\/www.abn.adv.br\/noticiasjuridicas\/wp-json\/wp\/v2\/categories?post=658"},{"taxonomy":"post_tag","embeddable":true,"href":"https:\/\/www.abn.adv.br\/noticiasjuridicas\/wp-json\/wp\/v2\/tags?post=658"}],"curies":[{"name":"wp","href":"https:\/\/api.w.org\/{rel}","templated":true}]}}