{"id":650,"date":"2017-12-05T00:00:00","date_gmt":"2017-12-05T03:00:00","guid":{"rendered":"https:\/\/www.abn.adv.br\/noticiasjuridicas\/2017\/12\/05\/paciente-deve-receber-medicamento-para-tratamento-durante-viagem-ao-exterior\/"},"modified":"2017-12-05T00:00:00","modified_gmt":"2017-12-05T03:00:00","slug":"paciente-deve-receber-medicamento-para-tratamento-durante-viagem-ao-exterior","status":"publish","type":"post","link":"https:\/\/www.abn.adv.br\/noticiasjuridicas\/2017\/12\/05\/paciente-deve-receber-medicamento-para-tratamento-durante-viagem-ao-exterior\/","title":{"rendered":"Paciente deve receber medicamento para tratamento durante viagem ao exterior"},"content":{"rendered":"<p>Paciente receber\u00e1 as doses de uma \u00fanica vez.<\/p>\n<p>        A 12\u00aa C\u00e2mara de Direito P\u00fablico do Tribunal de Justi\u00e7a de S\u00e3o Paulo manteve senten\u00e7a da Vara da Fazenda P\u00fablica da Comarca de S\u00e3o Carlos, proferida pela ju\u00edza Gabriela M\u00fcller Carioba Attanasio, que determinou o fornecimento de doze doses de medicamento de uma \u00fanica vez a paciente, em raz\u00e3o de viagem ao exterior.<\/p>\n<p>        Consta dos autos que ele sofre de doen\u00e7a que demanda a utiliza\u00e7\u00e3o de rem\u00e9dio de uso cont\u00ednuo para seu controle, fornecido pelo Estado, em dose disponibilizada m\u00eas a m\u00eas. Por\u00e9m, como ficar\u00e1 fora do Pa\u00eds, pleiteou a dose necess\u00e1ria para o tratamento durante o per\u00edodo da viagem.<\/p>\n<p>        Segundo o desembargador Venicio Sales, \u00e9 dever do Poder P\u00fablico prezar pela sa\u00fade. \u201cO Estado n\u00e3o pode se recusar ao cumprimento de sua obriga\u00e7\u00e3o, alegando aus\u00eancia de dota\u00e7\u00e3o or\u00e7ament\u00e1ria ou de que se tratam de normas program\u00e1ticas, dependendo de programas governamentais. A sa\u00fade \u00e9 direito subjetivo e n\u00e3o pode ficar condicionada a programas do governo.\u201d<\/p>\n<p>        A vota\u00e7\u00e3o, un\u00e2nime, teve participa\u00e7\u00e3o dos desembargadores J. M. Ribeiro de Paula e Edson Ferreira.<\/p>\n<p>        Apela\u00e7\u00e3o n\u00ba 1005912-87.2015.8.26.0566<\/p>\n<p>FONTE: TJSP<\/p>\n","protected":false},"excerpt":{"rendered":"<p>Paciente receber\u00e1 as doses de uma \u00fanica vez.<\/p>\n<p>        A 12\u00aa C\u00e2mara de Direito P\u00fablico do Tribunal de Justi\u00e7a de S\u00e3o Paulo manteve senten\u00e7a da Vara da Fazenda P\u00fablica da Comarca de S\u00e3o Carlos, proferida pela ju\u00edza Gabriela M\u00fcller Carioba Attanasio, que determinou o fornecimento de doze doses de medicamento de uma \u00fanica vez a paciente, em raz\u00e3o de viagem ao exterior.<\/p>\n","protected":false},"author":1,"featured_media":0,"comment_status":"open","ping_status":"open","sticky":false,"template":"","format":"standard","meta":{"_joinchat":[],"footnotes":""},"categories":[],"tags":[],"class_list":["post-650","post","type-post","status-publish","format-standard","hentry"],"_links":{"self":[{"href":"https:\/\/www.abn.adv.br\/noticiasjuridicas\/wp-json\/wp\/v2\/posts\/650","targetHints":{"allow":["GET"]}}],"collection":[{"href":"https:\/\/www.abn.adv.br\/noticiasjuridicas\/wp-json\/wp\/v2\/posts"}],"about":[{"href":"https:\/\/www.abn.adv.br\/noticiasjuridicas\/wp-json\/wp\/v2\/types\/post"}],"author":[{"embeddable":true,"href":"https:\/\/www.abn.adv.br\/noticiasjuridicas\/wp-json\/wp\/v2\/users\/1"}],"replies":[{"embeddable":true,"href":"https:\/\/www.abn.adv.br\/noticiasjuridicas\/wp-json\/wp\/v2\/comments?post=650"}],"version-history":[{"count":0,"href":"https:\/\/www.abn.adv.br\/noticiasjuridicas\/wp-json\/wp\/v2\/posts\/650\/revisions"}],"wp:attachment":[{"href":"https:\/\/www.abn.adv.br\/noticiasjuridicas\/wp-json\/wp\/v2\/media?parent=650"}],"wp:term":[{"taxonomy":"category","embeddable":true,"href":"https:\/\/www.abn.adv.br\/noticiasjuridicas\/wp-json\/wp\/v2\/categories?post=650"},{"taxonomy":"post_tag","embeddable":true,"href":"https:\/\/www.abn.adv.br\/noticiasjuridicas\/wp-json\/wp\/v2\/tags?post=650"}],"curies":[{"name":"wp","href":"https:\/\/api.w.org\/{rel}","templated":true}]}}