{"id":648,"date":"2017-10-05T00:00:00","date_gmt":"2017-10-05T03:00:00","guid":{"rendered":"https:\/\/www.abn.adv.br\/noticiasjuridicas\/2017\/10\/05\/pastor-acusado-de-estupro-em-sorocaba-e-condenado\/"},"modified":"2017-10-05T00:00:00","modified_gmt":"2017-10-05T03:00:00","slug":"pastor-acusado-de-estupro-em-sorocaba-e-condenado","status":"publish","type":"post","link":"https:\/\/www.abn.adv.br\/noticiasjuridicas\/2017\/10\/05\/pastor-acusado-de-estupro-em-sorocaba-e-condenado\/","title":{"rendered":"Pastor acusado de estupro em Sorocaba \u00e9 condenado"},"content":{"rendered":"<p>A pena foi fixada em mais de 36 anos.<\/p>\n<p>        O juiz Jayme Walmer de Freitas, da 1\u00aa Vara Criminal de Sorocaba, condenou acusado de estupro a 36 anos, 11 meses e 10 dias de reclus\u00e3o, em regime inicial fechado. O r\u00e9u, que \u00e9 pastor de uma igreja evang\u00e9lica na cidade, foi denunciado por ter violentado sexualmente duas crian\u00e7as entre os anos de 2003 e 2004 \u2013 duas outras haviam sido abusadas por ele na d\u00e9cada de 80, mas os familiares n\u00e3o denunciaram os fatos \u00e0 policia em tempo h\u00e1bil e, por isso, os crimes prescreveram.<\/p>\n<p>        Consta dos autos que ele se valia de rela\u00e7\u00e3o de confian\u00e7a \u2013 uma vez que os familiares das v\u00edtimas frequentavam a igreja da qual ele fazia parte \u2013 para cometer os abusos, e que os amea\u00e7ava durante a pr\u00e1tica dos atos.<\/p>\n<p>        O r\u00e9u n\u00e3o poder\u00e1 recorrer em liberdade.<\/p>\n<p> FONTE: TJSP<\/p>\n","protected":false},"excerpt":{"rendered":"<p>O juiz Jayme Walmer de Freitas, da 1\u00aa Vara Criminal de Sorocaba, condenou acusado de estupro a 36 anos, 11 meses e 10 dias de reclus\u00e3o, em regime inicial fechado. O r\u00e9u, que \u00e9 pastor de uma igreja evang\u00e9lica na cidade, foi denunciado por ter violentado sexualmente duas crian\u00e7as entre os anos de 2003 e 2004 \u2013 duas outras haviam sido abusadas por ele na d\u00e9cada de 80, mas os familiares n\u00e3o denunciaram os fatos \u00e0 policia em tempo h\u00e1bil e, por isso, os crimes prescreveram.<\/p>\n","protected":false},"author":1,"featured_media":0,"comment_status":"open","ping_status":"open","sticky":false,"template":"","format":"standard","meta":{"_joinchat":[],"footnotes":""},"categories":[],"tags":[],"class_list":["post-648","post","type-post","status-publish","format-standard","hentry"],"_links":{"self":[{"href":"https:\/\/www.abn.adv.br\/noticiasjuridicas\/wp-json\/wp\/v2\/posts\/648","targetHints":{"allow":["GET"]}}],"collection":[{"href":"https:\/\/www.abn.adv.br\/noticiasjuridicas\/wp-json\/wp\/v2\/posts"}],"about":[{"href":"https:\/\/www.abn.adv.br\/noticiasjuridicas\/wp-json\/wp\/v2\/types\/post"}],"author":[{"embeddable":true,"href":"https:\/\/www.abn.adv.br\/noticiasjuridicas\/wp-json\/wp\/v2\/users\/1"}],"replies":[{"embeddable":true,"href":"https:\/\/www.abn.adv.br\/noticiasjuridicas\/wp-json\/wp\/v2\/comments?post=648"}],"version-history":[{"count":0,"href":"https:\/\/www.abn.adv.br\/noticiasjuridicas\/wp-json\/wp\/v2\/posts\/648\/revisions"}],"wp:attachment":[{"href":"https:\/\/www.abn.adv.br\/noticiasjuridicas\/wp-json\/wp\/v2\/media?parent=648"}],"wp:term":[{"taxonomy":"category","embeddable":true,"href":"https:\/\/www.abn.adv.br\/noticiasjuridicas\/wp-json\/wp\/v2\/categories?post=648"},{"taxonomy":"post_tag","embeddable":true,"href":"https:\/\/www.abn.adv.br\/noticiasjuridicas\/wp-json\/wp\/v2\/tags?post=648"}],"curies":[{"name":"wp","href":"https:\/\/api.w.org\/{rel}","templated":true}]}}