{"id":647,"date":"2017-10-05T00:00:00","date_gmt":"2017-10-05T03:00:00","guid":{"rendered":"https:\/\/www.abn.adv.br\/noticiasjuridicas\/2017\/10\/05\/tjsp-realizara-audiencia-publica-sobre-vagas-em-creches-na-cidade-de-sao-paulo\/"},"modified":"2017-10-05T00:00:00","modified_gmt":"2017-10-05T03:00:00","slug":"tjsp-realizara-audiencia-publica-sobre-vagas-em-creches-na-cidade-de-sao-paulo","status":"publish","type":"post","link":"https:\/\/www.abn.adv.br\/noticiasjuridicas\/2017\/10\/05\/tjsp-realizara-audiencia-publica-sobre-vagas-em-creches-na-cidade-de-sao-paulo\/","title":{"rendered":"TJSP realizar\u00e1 audi\u00eancia p\u00fablica sobre vagas em creches na cidade de S\u00e3o Paulo"},"content":{"rendered":"<p>Interessados devem se inscrever at\u00e9 26\/5.<\/p>\n<p>        O Judici\u00e1rio paulista realizar\u00e1, no dia 1\u00ba de junho, audi\u00eancia p\u00fablica sobre vagas em creches e pr\u00e9-escolas na cidade de S\u00e3o Paulo.  As informa\u00e7\u00f5es expostas na audi\u00eancia ser\u00e3o utilizadas na solu\u00e7\u00e3o de processo da C\u00e2mara Especial do Tribunal de Justi\u00e7a de S\u00e3o Paulo, em que organiza\u00e7\u00f5es requerem por parte da Prefeitura a disponibiliza\u00e7\u00e3o de vagas em n\u00famero suficiente para atendimento da demanda na Capital.<\/p>\n<p>        Far\u00e3o uso da palavra os autores da a\u00e7\u00e3o (entidades ligadas \u00e0 Educa\u00e7\u00e3o e aos Direitos Humanos), a Municipalidade, o Minist\u00e9rio P\u00fablico, a Defensoria P\u00fablica, a Coordenadoria da Inf\u00e2ncia do TJSP e especialistas no tema.<\/p>\n<p>        Inscri\u00e7\u00f5es<\/p>\n<p>        Integrantes da sociedade civil interessados em contribuir com esclarecimentos e propostas para a quest\u00e3o tamb\u00e9m podem se manifestar. Para tanto, \u00e9 necess\u00e1ria a inscri\u00e7\u00e3o at\u00e9 o dia 26 de maio, pelo e-mail decano@tjsp.jus.br. \u00c9 preciso informar nome completo, n\u00famero do RG e contatos. As falas ter\u00e3o dura\u00e7\u00e3o m\u00e1xima de 10 minutos cada uma, sujeitas ao tempo dispon\u00edvel e \u00e0 ordem de inscri\u00e7\u00e3o. Tamb\u00e9m ser\u00e3o recebidas manifesta\u00e7\u00f5es por escrito pelo mesmo e-mail. Veja comunicado sobre a audi\u00eancia p\u00fablica.<\/p>\n<p>Para os que quiserem acompanhar a audi\u00eancia pessoalmente, sem uso da palavra, n\u00e3o h\u00e1 necessidade de inscri\u00e7\u00e3o pr\u00e9via.<\/p>\n<p>        Processo<\/p>\n<p>        O TJSP j\u00e1 realizou, em agosto de 2013, audi\u00eancia p\u00fablica sobre vagas em creches. Em dezembro do mesmo ano, o processo que trata do tema foi julgado pela C\u00e2mara Especial, sendo determinada a cria\u00e7\u00e3o de 150 mil vagas para crian\u00e7as at\u00e9 cinco anos de idade ao longo de tr\u00eas anos. A Coordenadoria da Inf\u00e2ncia e Juventude do TJSP acompanhou a evolu\u00e7\u00e3o da cria\u00e7\u00e3o das vagas e agora, terminado o prazo e ap\u00f3s apresenta\u00e7\u00e3o de relat\u00f3rio final por parte da Prefeitura, ocorrer\u00e1 nova audi\u00eancia p\u00fablica.<\/p>\n<p>        De acordo com o relat\u00f3rio da Secretaria Municipal de Educa\u00e7\u00e3o, emitido em 19\/12\/16, entre 2013 e 2016 a expans\u00e3o foi de 106.743 novas matr\u00edculas e vagas na educa\u00e7\u00e3o infantil, sendo 87.781 destinadas ao atendimento em creche e 18.972 ao atendimento em pr\u00e9-escola.<\/p>\n<p>        Servi\u00e7o<\/p>\n<p>        Audi\u00eancia p\u00fablica sobre vagas na educa\u00e7\u00e3o infantil na cidade de S\u00e3o Paulo<\/p>\n<p>        Quando: dia 1\u00ba\/6, a partir das 10 horas<\/p>\n<p>        Onde: Pal\u00e1cio da Justi\u00e7a (Pra\u00e7a da S\u00e9, s\/n\u00ba \u2013 Sal\u00e3o dos Passos Perdidos)<\/p>\n<p>        Inscri\u00e7\u00f5es para sociedade civil: at\u00e9 dia 26\/5 pelo e-mail decano@tjsp.jus.br (informar nome, RG e contatos)<\/p>\n<p>FONTE: TJSP<\/p>\n","protected":false},"excerpt":{"rendered":"<p>O Judici\u00e1rio paulista realizar\u00e1, no dia 1\u00ba de junho, audi\u00eancia p\u00fablica sobre vagas em creches e pr\u00e9-escolas na cidade de S\u00e3o Paulo.  As informa\u00e7\u00f5es expostas na audi\u00eancia ser\u00e3o utilizadas na solu\u00e7\u00e3o de processo da C\u00e2mara Especial do Tribunal de Justi\u00e7a de S\u00e3o Paulo, em que organiza\u00e7\u00f5es requerem por parte da Prefeitura a disponibiliza\u00e7\u00e3o de vagas em n\u00famero suficiente para atendimento da demanda na Capital.<\/p>\n","protected":false},"author":1,"featured_media":0,"comment_status":"open","ping_status":"open","sticky":false,"template":"","format":"standard","meta":{"_joinchat":[],"footnotes":""},"categories":[],"tags":[],"class_list":["post-647","post","type-post","status-publish","format-standard","hentry"],"_links":{"self":[{"href":"https:\/\/www.abn.adv.br\/noticiasjuridicas\/wp-json\/wp\/v2\/posts\/647","targetHints":{"allow":["GET"]}}],"collection":[{"href":"https:\/\/www.abn.adv.br\/noticiasjuridicas\/wp-json\/wp\/v2\/posts"}],"about":[{"href":"https:\/\/www.abn.adv.br\/noticiasjuridicas\/wp-json\/wp\/v2\/types\/post"}],"author":[{"embeddable":true,"href":"https:\/\/www.abn.adv.br\/noticiasjuridicas\/wp-json\/wp\/v2\/users\/1"}],"replies":[{"embeddable":true,"href":"https:\/\/www.abn.adv.br\/noticiasjuridicas\/wp-json\/wp\/v2\/comments?post=647"}],"version-history":[{"count":0,"href":"https:\/\/www.abn.adv.br\/noticiasjuridicas\/wp-json\/wp\/v2\/posts\/647\/revisions"}],"wp:attachment":[{"href":"https:\/\/www.abn.adv.br\/noticiasjuridicas\/wp-json\/wp\/v2\/media?parent=647"}],"wp:term":[{"taxonomy":"category","embeddable":true,"href":"https:\/\/www.abn.adv.br\/noticiasjuridicas\/wp-json\/wp\/v2\/categories?post=647"},{"taxonomy":"post_tag","embeddable":true,"href":"https:\/\/www.abn.adv.br\/noticiasjuridicas\/wp-json\/wp\/v2\/tags?post=647"}],"curies":[{"name":"wp","href":"https:\/\/api.w.org\/{rel}","templated":true}]}}