{"id":646,"date":"2017-10-05T00:00:00","date_gmt":"2017-10-05T03:00:00","guid":{"rendered":"https:\/\/www.abn.adv.br\/noticiasjuridicas\/2017\/10\/05\/empresas-restituirao-cliente-por-aumentos-indevidos-em-plano-de-saude\/"},"modified":"2017-10-05T00:00:00","modified_gmt":"2017-10-05T03:00:00","slug":"empresas-restituirao-cliente-por-aumentos-indevidos-em-plano-de-saude","status":"publish","type":"post","link":"https:\/\/www.abn.adv.br\/noticiasjuridicas\/2017\/10\/05\/empresas-restituirao-cliente-por-aumentos-indevidos-em-plano-de-saude\/","title":{"rendered":"Empresas restituir\u00e3o cliente por aumentos indevidos em plano de sa\u00fade"},"content":{"rendered":"<p>Reajustes dever\u00e3o ser substitu\u00eddos pelo \u00edndice da ANS.<\/p>\n<p>        A 5\u00aa C\u00e2mara de Direito Privado do Tribunal de Justi\u00e7a de S\u00e3o Paulo determinou que duas empresas restituam indevidos reajustes por sinistralidade em contrato de plano de sa\u00fade, bem como excluam corre\u00e7\u00e3o por faixa et\u00e1ria aos 59 anos de idade que representou 89,07% de aumento. Os reajustes efetuados no contrato do autor entre 2012 e 2015 dever\u00e3o ser substitu\u00eddos pelo \u00edndice da Ag\u00eancia Nacional de Sa\u00fade (ANS).<\/p>\n<p>        \u201cLan\u00e7ar um elevado percentual de forma aleat\u00f3ria, em muito superior \u00e0 infla\u00e7\u00e3o, sem comprova\u00e7\u00e3o ao menos no curso do processo de sua razoabilidade, afigura-se em comportamento abusivo que ofende a legisla\u00e7\u00e3o de consumo\u201d, afirmou em seu voto o relator do recurso, desembargador James Siano.<\/p>\n<p>De acordo com o magistrado, \u00e9 admiss\u00edvel a majora\u00e7\u00e3o do custo do seguro sa\u00fade por sinistralidade, desde que bem embasado e comunicado de forma clara e intelig\u00edvel ao consumidor \u2013 o que n\u00e3o ocorreu no caso em an\u00e1lise.<\/p>\n<p>        Ainda segundo o desembargador James Siano, a cobran\u00e7a desses juros foi efetuada de maneira abusiva, j\u00e1 que \u201cn\u00e3o restou demonstrada pela r\u00e9 a efetiva necessidade de se proceder ao aumento em percentil t\u00e3o elevado (89,07%)\u201d.<\/p>\n<p>        O julgamento, que teve vota\u00e7\u00e3o un\u00e2nime, contou com participa\u00e7\u00e3o dos desembargadores Moreira Viegas e Fabio Podest\u00e1.<\/p>\n<p>        Apela\u00e7\u00e3o n\u00ba 1065444-32.2015.8.26.0100<\/p>\n<p>FONTE: TJSP<\/p>\n","protected":false},"excerpt":{"rendered":"<p>Reajustes dever\u00e3o ser substitu\u00eddos pelo \u00edndice da ANS.<\/p>\n<p>        A 5\u00aa C\u00e2mara de Direito Privado do Tribunal de Justi\u00e7a de S\u00e3o Paulo determinou que duas empresas restituam indevidos reajustes por sinistralidade em contrato de plano de sa\u00fade, bem como excluam corre\u00e7\u00e3o por faixa et\u00e1ria aos 59 anos de idade que representou 89,07% de aumento. Os reajustes efetuados no contrato do autor entre 2012 e 2015 dever\u00e3o ser substitu\u00eddos pelo \u00edndice da Ag\u00eancia Nacional de Sa\u00fade (ANS).<\/p>\n","protected":false},"author":1,"featured_media":0,"comment_status":"open","ping_status":"open","sticky":false,"template":"","format":"standard","meta":{"_joinchat":[],"footnotes":""},"categories":[],"tags":[],"class_list":["post-646","post","type-post","status-publish","format-standard","hentry"],"_links":{"self":[{"href":"https:\/\/www.abn.adv.br\/noticiasjuridicas\/wp-json\/wp\/v2\/posts\/646","targetHints":{"allow":["GET"]}}],"collection":[{"href":"https:\/\/www.abn.adv.br\/noticiasjuridicas\/wp-json\/wp\/v2\/posts"}],"about":[{"href":"https:\/\/www.abn.adv.br\/noticiasjuridicas\/wp-json\/wp\/v2\/types\/post"}],"author":[{"embeddable":true,"href":"https:\/\/www.abn.adv.br\/noticiasjuridicas\/wp-json\/wp\/v2\/users\/1"}],"replies":[{"embeddable":true,"href":"https:\/\/www.abn.adv.br\/noticiasjuridicas\/wp-json\/wp\/v2\/comments?post=646"}],"version-history":[{"count":0,"href":"https:\/\/www.abn.adv.br\/noticiasjuridicas\/wp-json\/wp\/v2\/posts\/646\/revisions"}],"wp:attachment":[{"href":"https:\/\/www.abn.adv.br\/noticiasjuridicas\/wp-json\/wp\/v2\/media?parent=646"}],"wp:term":[{"taxonomy":"category","embeddable":true,"href":"https:\/\/www.abn.adv.br\/noticiasjuridicas\/wp-json\/wp\/v2\/categories?post=646"},{"taxonomy":"post_tag","embeddable":true,"href":"https:\/\/www.abn.adv.br\/noticiasjuridicas\/wp-json\/wp\/v2\/tags?post=646"}],"curies":[{"name":"wp","href":"https:\/\/api.w.org\/{rel}","templated":true}]}}