{"id":643,"date":"2017-05-05T00:00:00","date_gmt":"2017-05-05T03:00:00","guid":{"rendered":"https:\/\/www.abn.adv.br\/noticiasjuridicas\/2017\/05\/05\/justica-decreta-prisao-temporaria-de-acusados-de-associacao-criminosa-em-ribeirao-preto\/"},"modified":"2017-05-05T00:00:00","modified_gmt":"2017-05-05T03:00:00","slug":"justica-decreta-prisao-temporaria-de-acusados-de-associacao-criminosa-em-ribeirao-preto","status":"publish","type":"post","link":"https:\/\/www.abn.adv.br\/noticiasjuridicas\/2017\/05\/05\/justica-decreta-prisao-temporaria-de-acusados-de-associacao-criminosa-em-ribeirao-preto\/","title":{"rendered":"Justi\u00e7a decreta pris\u00e3o tempor\u00e1ria de acusados de associa\u00e7\u00e3o criminosa em Ribeir\u00e3o Preto"},"content":{"rendered":"<p>Opera\u00e7\u00e3o Coiote \u2013 Em raz\u00e3o de investiga\u00e7\u00e3o do Grupo de Atua\u00e7\u00e3o Especial de Repress\u00e3o ao Crime Organizado (Gaeco), do Minist\u00e9rio P\u00fablico de S\u00e3o Paulo, que por meio de escutas telef\u00f4nicas autorizadas, concluiu haver ind\u00edcios de poss\u00edvel associa\u00e7\u00e3o criminosa voltada \u00e0 pr\u00e1tica de crimes de extors\u00e3o, explora\u00e7\u00e3o de prest\u00edgio, falsifica\u00e7\u00e3o de documentos, advocacia administrativa, corrup\u00e7\u00f5es ativa e passiva, viola\u00e7\u00e3o de sigilo funcional e comunica\u00e7\u00e3o falsa de crimes em Ribeir\u00e3o Preto, o juiz L\u00facio Alberto Eneas da Silva Ferreira, da 4\u00aa Vara Criminal, decretou a pris\u00e3o tempor\u00e1ria de cinco integrantes do grupo, pelo prazo de cinco dias.<\/p>\n<p>        Al\u00e9m disso, autorizou a busca e apreens\u00e3o nos escrit\u00f3rios de advocacia dos acusados e a proibi\u00e7\u00e3o de dois deles ingressarem em quaisquer pr\u00e9dios da Justi\u00e7a estadual ou manter contato com testemunhas.<\/p>\n<p>        De acordo com o relat\u00f3rio do Gaeco, dois advogados, um servidor do Judici\u00e1rio, um falsificador de documentos e uma mulher que se passa por funcion\u00e1ria do Judici\u00e1rio, al\u00e9m de dois estagi\u00e1rios de Direito (que t\u00eam os registros cancelados na OAB), praticaram os referidos crimes com a alega\u00e7\u00e3o de que o grupo teria acesso ao sistema da Justi\u00e7a e aos Tribunais Superiores e, portanto, teriam meios para influenciar nas decis\u00f5es.<\/p>\n<p>        O caso est\u00e1 sob investiga\u00e7\u00e3o e n\u00e3o h\u00e1 qualquer refer\u00eancia \u00e0 venda de senten\u00e7as ou envolvimento de magistrados. As pris\u00f5es foram decretadas, segundo o juiz, para que \u201cas pessoas por eles enganadas venham, em liberdade e seguran\u00e7a, prestar depoimento acerca dos demais fatos e suas completas circunst\u00e2ncias, bem como estancar-se a pr\u00e1tica deliberada desses il\u00edcitos\u201d.<\/p>\n<p>FONTE: TJSP<\/p>\n","protected":false},"excerpt":{"rendered":"<p>Entre os acusados, um \u00e9 servidor do Judici\u00e1rio.<\/p>\n<p>        O Tribunal de Justi\u00e7a de S\u00e3o Paulo esclarece que, no caso da decreta\u00e7\u00e3o de pris\u00e3o na Opera\u00e7\u00e3o Coiote, que envolve um servidor do Judici\u00e1rio e que foi cumprida hoje (4) na Comarca de Ribeir\u00e3o Preto, n\u00e3o h\u00e1 qualquer refer\u00eancia \u00e0 venda de senten\u00e7as ou envolvimento de magistrados e solicita que, em situa\u00e7\u00f5es an\u00e1logas (de poss\u00edveis golpes), as v\u00edtimas entrem imediatamente com o Gaeco ou com a  Pol\u00edcia Civil.<\/p>\n","protected":false},"author":1,"featured_media":0,"comment_status":"open","ping_status":"open","sticky":false,"template":"","format":"standard","meta":{"_joinchat":[],"footnotes":""},"categories":[],"tags":[],"class_list":["post-643","post","type-post","status-publish","format-standard","hentry"],"_links":{"self":[{"href":"https:\/\/www.abn.adv.br\/noticiasjuridicas\/wp-json\/wp\/v2\/posts\/643","targetHints":{"allow":["GET"]}}],"collection":[{"href":"https:\/\/www.abn.adv.br\/noticiasjuridicas\/wp-json\/wp\/v2\/posts"}],"about":[{"href":"https:\/\/www.abn.adv.br\/noticiasjuridicas\/wp-json\/wp\/v2\/types\/post"}],"author":[{"embeddable":true,"href":"https:\/\/www.abn.adv.br\/noticiasjuridicas\/wp-json\/wp\/v2\/users\/1"}],"replies":[{"embeddable":true,"href":"https:\/\/www.abn.adv.br\/noticiasjuridicas\/wp-json\/wp\/v2\/comments?post=643"}],"version-history":[{"count":0,"href":"https:\/\/www.abn.adv.br\/noticiasjuridicas\/wp-json\/wp\/v2\/posts\/643\/revisions"}],"wp:attachment":[{"href":"https:\/\/www.abn.adv.br\/noticiasjuridicas\/wp-json\/wp\/v2\/media?parent=643"}],"wp:term":[{"taxonomy":"category","embeddable":true,"href":"https:\/\/www.abn.adv.br\/noticiasjuridicas\/wp-json\/wp\/v2\/categories?post=643"},{"taxonomy":"post_tag","embeddable":true,"href":"https:\/\/www.abn.adv.br\/noticiasjuridicas\/wp-json\/wp\/v2\/tags?post=643"}],"curies":[{"name":"wp","href":"https:\/\/api.w.org\/{rel}","templated":true}]}}