{"id":633,"date":"2017-11-04T00:00:00","date_gmt":"2017-11-04T03:00:00","guid":{"rendered":"https:\/\/www.abn.adv.br\/noticiasjuridicas\/2017\/11\/04\/empresa-de-energia-condenada-a-indenizar-proprietario-rural-em-r-166-mil\/"},"modified":"2017-11-04T00:00:00","modified_gmt":"2017-11-04T03:00:00","slug":"empresa-de-energia-condenada-a-indenizar-proprietario-rural-em-r-166-mil","status":"publish","type":"post","link":"https:\/\/www.abn.adv.br\/noticiasjuridicas\/2017\/11\/04\/empresa-de-energia-condenada-a-indenizar-proprietario-rural-em-r-166-mil\/","title":{"rendered":"Empresa de energia condenada a indenizar propriet\u00e1rio rural em R$ 166 mil"},"content":{"rendered":"<p>Problemas na linha de transmiss\u00e3o de energia el\u00e9trica causaram inc\u00eandio que atingiu um galp\u00e3o e destruiu equipamentos da propriedade, que fica em Jo\u00e3o Neiva.<\/p>\n<p>A 4\u00aa C\u00e2mara C\u00edvel do Tribunal de Justi\u00e7a do Esp\u00edrito Santo confirmou senten\u00e7a do Juiz da Vara \u00danica de Jo\u00e3o Neiva, que condenou uma empresa de distribui\u00e7\u00e3o de energia el\u00e9trica a indenizar em R$ 166 mil um propriet\u00e1rio rural da localidade de Cavalada ou Piraquea\u00e7u, em Jo\u00e3o Neiva, que teve equipamentos destru\u00eddos dentro de um galp\u00e3o, atingido por um inc\u00eandio causado por problemas na linha de transmiss\u00e3o de energia el\u00e9trica.<\/p>\n<p>Segundo o autor da a\u00e7\u00e3o, ocorreu um inc\u00eandio no transformador pr\u00f3ximo ao galp\u00e3o da empresa requerida e, ap\u00f3s funcion\u00e1rios da empresa resolverem o problema do transformador sem debelar o in\u00edcio do inc\u00eandio, o fogo se alastrou atingindo o galp\u00e3o da propriedade rural, onde estavam diversos materiais, entre eles uma secadora de caf\u00e9, avaliada em aproximadamente R$ 40 mil. Al\u00e9m disso, os peritos da Pol\u00edcia T\u00e9cnica Cient\u00edfica teriam comprovado as causas do inc\u00eandio ap\u00f3s constatarem a presen\u00e7a de pe\u00e7as carbonizadas na estrutura superior do poste.<\/p>\n<p>O valor da indeniza\u00e7\u00e3o por danos materiais levou em conta o custo para a aquisi\u00e7\u00e3o de novos equipamentos, similares aos destru\u00eddos e, ainda, os gastos com a reconstru\u00e7\u00e3o do galp\u00e3o incendiado.<\/p>\n<p>Para o Relator, Desembargador Arthur Jos\u00e9 Neiva de Almeida, da 4\u00aa C\u00e2mara C\u00edvel, as provas produzidas no processo s\u00e3o contundentes no sentido de que o dano teve origem na falha na presta\u00e7\u00e3o do servi\u00e7o pela concession\u00e1ria de energia, uma vez que o inc\u00eandio se deu em raz\u00e3o de sobrecarga de energia el\u00e9trica, um defeito que seria previs\u00edvel e evit\u00e1vel com a ado\u00e7\u00e3o de medidas de seguran\u00e7a, o que n\u00e3o teria ocorrido.<\/p>\n<p>Processo: 0001463-83.2014.8.08.0067<\/p>\n<p>Vit\u00f3ria, 07 de abril de 2017.<\/p>\n<p>FONTE: TJ ES<\/p>\n","protected":false},"excerpt":{"rendered":"<p>Problemas na linha de transmiss\u00e3o de energia el\u00e9trica causaram inc\u00eandio que atingiu um galp\u00e3o e destruiu equipamentos da propriedade, que fica em Jo\u00e3o Neiva.<\/p>\n","protected":false},"author":1,"featured_media":0,"comment_status":"open","ping_status":"open","sticky":false,"template":"","format":"standard","meta":{"_joinchat":[],"footnotes":""},"categories":[],"tags":[],"class_list":["post-633","post","type-post","status-publish","format-standard","hentry"],"_links":{"self":[{"href":"https:\/\/www.abn.adv.br\/noticiasjuridicas\/wp-json\/wp\/v2\/posts\/633","targetHints":{"allow":["GET"]}}],"collection":[{"href":"https:\/\/www.abn.adv.br\/noticiasjuridicas\/wp-json\/wp\/v2\/posts"}],"about":[{"href":"https:\/\/www.abn.adv.br\/noticiasjuridicas\/wp-json\/wp\/v2\/types\/post"}],"author":[{"embeddable":true,"href":"https:\/\/www.abn.adv.br\/noticiasjuridicas\/wp-json\/wp\/v2\/users\/1"}],"replies":[{"embeddable":true,"href":"https:\/\/www.abn.adv.br\/noticiasjuridicas\/wp-json\/wp\/v2\/comments?post=633"}],"version-history":[{"count":0,"href":"https:\/\/www.abn.adv.br\/noticiasjuridicas\/wp-json\/wp\/v2\/posts\/633\/revisions"}],"wp:attachment":[{"href":"https:\/\/www.abn.adv.br\/noticiasjuridicas\/wp-json\/wp\/v2\/media?parent=633"}],"wp:term":[{"taxonomy":"category","embeddable":true,"href":"https:\/\/www.abn.adv.br\/noticiasjuridicas\/wp-json\/wp\/v2\/categories?post=633"},{"taxonomy":"post_tag","embeddable":true,"href":"https:\/\/www.abn.adv.br\/noticiasjuridicas\/wp-json\/wp\/v2\/tags?post=633"}],"curies":[{"name":"wp","href":"https:\/\/api.w.org\/{rel}","templated":true}]}}