{"id":628,"date":"2017-05-04T00:00:00","date_gmt":"2017-05-04T03:00:00","guid":{"rendered":"https:\/\/www.abn.adv.br\/noticiasjuridicas\/2017\/05\/04\/indenizacao-de-r-10-mil-por-inclusao-indevida-em-orgaos-de-restricao-ao-credito\/"},"modified":"2017-05-04T00:00:00","modified_gmt":"2017-05-04T03:00:00","slug":"indenizacao-de-r-10-mil-por-inclusao-indevida-em-orgaos-de-restricao-ao-credito","status":"publish","type":"post","link":"https:\/\/www.abn.adv.br\/noticiasjuridicas\/2017\/05\/04\/indenizacao-de-r-10-mil-por-inclusao-indevida-em-orgaos-de-restricao-ao-credito\/","title":{"rendered":"Indeniza\u00e7\u00e3o de R$ 10 mil por inclus\u00e3o indevida em \u00f3rg\u00e3os de restri\u00e7\u00e3o ao cr\u00e9dito"},"content":{"rendered":"<p>Apesar de n\u00e3o ter firmado nenhum tipo de contrato com empresa, homem foi inclu\u00eddo nos servi\u00e7os de prote\u00e7\u00e3o ao cr\u00e9dito e perdeu financiamento pelo Minha Casa Minha Vida.<\/p>\n<p>Um morador de Vila Velha receber\u00e1 uma indeniza\u00e7\u00e3o de R$ 10 mil por danos morais, ap\u00f3s ter seu nome inclu\u00eddo indevidamente nos \u00f3rg\u00e3os de restri\u00e7\u00e3o ao cr\u00e9dito (SPC\/SERASA), mesmo n\u00e3o tendo realizado nenhuma contrata\u00e7\u00e3o com empresa.<\/p>\n<p>De acordo com a senten\u00e7a da ju\u00edza da 3\u00aa Vara C\u00edvel de Vila Velha, Mar\u00edlia Pereira de Abreu Bastos, n\u00e3o h\u00e1 como negar os danos morais sofridos, em raz\u00e3o da indevida negativa\u00e7\u00e3o do seu nome, \u201cnotadamente porque em raz\u00e3o de tal negativa\u00e7\u00e3o, deixou a parte Requerente de efetivar contrato de financiamento para aquisi\u00e7\u00e3o da sua casa pr\u00f3pria, em benef\u00edcio ao programa federal Minha Casa, Minha Vida\u201d, destacou a magistrada.<\/p>\n<p>A empresa requerida, uma administradora de meios de pagamento, n\u00e3o conseguiu comprovar o v\u00ednculo do requerente com a mesma, apresentando apenas uma proposta de fornecimento de cr\u00e9dito se a assinatura do autor, faturas j\u00e1 emitidas do cart\u00e3o e c\u00f3pia de um documento de identidade supostamente do requerente, mas que ap\u00f3s an\u00e1lise, se constatou ser diferente.<\/p>\n<p>Segundo o autor da a\u00e7\u00e3o, ele jamais celebrou contrato com a requerida e s\u00f3 descobriu o d\u00e9bito ao tentar realizar o financiamento junto \u00e0 Caixa Econ\u00f4mica Federal para aquisi\u00e7\u00e3o de um im\u00f3vel, pelo programa \u201cMinha Casa Minha Vida\u201d, quando teve as suas expectativas frustradas em raz\u00e3o da negativa\u00e7\u00e3o de seu nome.<\/p>\n<p>Para a ju\u00edza, mesmo que tenha havido fraude, n\u00e3o h\u00e1 como se responsabilizar o requerente pela mesma, \u201ca prov\u00e1vel ocorr\u00eancia de fraude n\u00e3o retira do Requerido o dever de responder pelos danos causados, sobretudo n\u00e3o comprova a exist\u00eancia de v\u00ednculo contratual, havendo patente inexist\u00eancia de rela\u00e7\u00e3o jur\u00eddico-contratual entre o Requerente e a Requerida. Destarte, diante da invers\u00e3o do \u00f4nus da prova e da infrut\u00edfera tentativa da Requerida em comprovar a exist\u00eancia de rela\u00e7\u00e3o jur\u00eddica, tenho por bem declarar a inexist\u00eancia de rela\u00e7\u00e3o jur\u00eddica e de d\u00e9bito da Requerente com rela\u00e7\u00e3o a parte Requerida\u201d, concluiu a magistrada.<\/p>\n<p>Vit\u00f3ria, 28 de mar\u00e7o de 2017.<\/p>\n<p>FONTE: TJ ES<\/p>\n","protected":false},"excerpt":{"rendered":"<p>Apesar de n\u00e3o ter firmado nenhum tipo de contrato com empresa, homem foi inclu\u00eddo nos servi\u00e7os de prote\u00e7\u00e3o ao cr\u00e9dito e perdeu financiamento pelo Minha Casa Minha Vida.<\/p>\n","protected":false},"author":1,"featured_media":0,"comment_status":"open","ping_status":"open","sticky":false,"template":"","format":"standard","meta":{"_joinchat":[],"footnotes":""},"categories":[],"tags":[],"class_list":["post-628","post","type-post","status-publish","format-standard","hentry"],"_links":{"self":[{"href":"https:\/\/www.abn.adv.br\/noticiasjuridicas\/wp-json\/wp\/v2\/posts\/628","targetHints":{"allow":["GET"]}}],"collection":[{"href":"https:\/\/www.abn.adv.br\/noticiasjuridicas\/wp-json\/wp\/v2\/posts"}],"about":[{"href":"https:\/\/www.abn.adv.br\/noticiasjuridicas\/wp-json\/wp\/v2\/types\/post"}],"author":[{"embeddable":true,"href":"https:\/\/www.abn.adv.br\/noticiasjuridicas\/wp-json\/wp\/v2\/users\/1"}],"replies":[{"embeddable":true,"href":"https:\/\/www.abn.adv.br\/noticiasjuridicas\/wp-json\/wp\/v2\/comments?post=628"}],"version-history":[{"count":0,"href":"https:\/\/www.abn.adv.br\/noticiasjuridicas\/wp-json\/wp\/v2\/posts\/628\/revisions"}],"wp:attachment":[{"href":"https:\/\/www.abn.adv.br\/noticiasjuridicas\/wp-json\/wp\/v2\/media?parent=628"}],"wp:term":[{"taxonomy":"category","embeddable":true,"href":"https:\/\/www.abn.adv.br\/noticiasjuridicas\/wp-json\/wp\/v2\/categories?post=628"},{"taxonomy":"post_tag","embeddable":true,"href":"https:\/\/www.abn.adv.br\/noticiasjuridicas\/wp-json\/wp\/v2\/tags?post=628"}],"curies":[{"name":"wp","href":"https:\/\/api.w.org\/{rel}","templated":true}]}}