{"id":627,"date":"2017-05-04T00:00:00","date_gmt":"2017-05-04T03:00:00","guid":{"rendered":"https:\/\/www.abn.adv.br\/noticiasjuridicas\/2017\/05\/04\/acidente-dentro-de-estacao-da-cptm-gera-dever-de-indenizar\/"},"modified":"2017-05-04T00:00:00","modified_gmt":"2017-05-04T03:00:00","slug":"acidente-dentro-de-estacao-da-cptm-gera-dever-de-indenizar","status":"publish","type":"post","link":"https:\/\/www.abn.adv.br\/noticiasjuridicas\/2017\/05\/04\/acidente-dentro-de-estacao-da-cptm-gera-dever-de-indenizar\/","title":{"rendered":"Acidente dentro de esta\u00e7\u00e3o da CPTM gera dever de indenizar"},"content":{"rendered":"<p>Passageira foi empurrada e sofreu diversas les\u00f5es.<\/p>\n<p>        A 15\u00aa C\u00e2mara de Direito Privado do Tribunal de Justi\u00e7a de S\u00e3o Paulo manteve senten\u00e7a, proferida pela ju\u00edza Cl\u00e1udia Longobardi Campana, da 8\u00aa Vara C\u00edvel de Santo Amaro, que condenou a Companhia Paulista de Trens Metropolitanos (CPTM) a indenizar passageira que sofreu acidente dentro de esta\u00e7\u00e3o ferrovi\u00e1ria. O ressarcimento foi fixado em R$ 7 mil, a t\u00edtulo de danos morais.<\/p>\n<p>        De acordo com os autos, a mulher foi empurrada por v\u00e1rios passageiros quando se dirigia a uma escada rolante e caiu. Em raz\u00e3o do acidente, ela teve que ser hospitalizada e permaneceu afastada do trabalho por alguns dias.<\/p>\n<p>        O relator, desembargador Mendes Pereira, afirmou que houve falha na presta\u00e7\u00e3o de servi\u00e7o, pois a empresa deveria adotar medidas preventivas durante os hor\u00e1rios de maior fluxo, devido \u00e0 superlota\u00e7\u00e3o.  \u201cA CPTM tem a obriga\u00e7\u00e3o de preservar a integridade dos passageiros que utilizam o servi\u00e7o de transporte ferrovi\u00e1rio em quest\u00e3o. Assim, no caso em exame, ineg\u00e1vel o descumprimento do contrato de transporte por viola\u00e7\u00e3o \u00e0 cl\u00e1usula de incolumidade.\u201d<\/p>\n<p>        O julgamento contou com a participa\u00e7\u00e3o dos desembargadores Lucila Toledo e Jairo Oliveira Junior, que acompanharam o voto do relator.<\/p>\n<p>        Apela\u00e7\u00e3o n\u00ba 1048037-16.2015.8.26.0002<\/p>\n<p>        Comunica\u00e7\u00e3o Social TJSP \u2013 JN (texto) \/ arquivo (foto ilustrativa)<\/p>\n<p>        imprensatj@tjsp.jus.br<\/p>\n","protected":false},"excerpt":{"rendered":"<p>A 15\u00aa C\u00e2mara de Direito Privado do Tribunal de Justi\u00e7a de S\u00e3o Paulo manteve senten\u00e7a, proferida pela ju\u00edza Cl\u00e1udia Longobardi Campana, da 8\u00aa Vara C\u00edvel de Santo Amaro, que condenou a Companhia Paulista de Trens Metropolitanos (CPTM) a indenizar passageira que sofreu acidente dentro de esta\u00e7\u00e3o ferrovi\u00e1ria. O ressarcimento foi fixado em R$ 7 mil, a t\u00edtulo de danos morais.<\/p>\n","protected":false},"author":1,"featured_media":0,"comment_status":"open","ping_status":"open","sticky":false,"template":"","format":"standard","meta":{"_joinchat":[],"footnotes":""},"categories":[],"tags":[],"class_list":["post-627","post","type-post","status-publish","format-standard","hentry"],"_links":{"self":[{"href":"https:\/\/www.abn.adv.br\/noticiasjuridicas\/wp-json\/wp\/v2\/posts\/627","targetHints":{"allow":["GET"]}}],"collection":[{"href":"https:\/\/www.abn.adv.br\/noticiasjuridicas\/wp-json\/wp\/v2\/posts"}],"about":[{"href":"https:\/\/www.abn.adv.br\/noticiasjuridicas\/wp-json\/wp\/v2\/types\/post"}],"author":[{"embeddable":true,"href":"https:\/\/www.abn.adv.br\/noticiasjuridicas\/wp-json\/wp\/v2\/users\/1"}],"replies":[{"embeddable":true,"href":"https:\/\/www.abn.adv.br\/noticiasjuridicas\/wp-json\/wp\/v2\/comments?post=627"}],"version-history":[{"count":0,"href":"https:\/\/www.abn.adv.br\/noticiasjuridicas\/wp-json\/wp\/v2\/posts\/627\/revisions"}],"wp:attachment":[{"href":"https:\/\/www.abn.adv.br\/noticiasjuridicas\/wp-json\/wp\/v2\/media?parent=627"}],"wp:term":[{"taxonomy":"category","embeddable":true,"href":"https:\/\/www.abn.adv.br\/noticiasjuridicas\/wp-json\/wp\/v2\/categories?post=627"},{"taxonomy":"post_tag","embeddable":true,"href":"https:\/\/www.abn.adv.br\/noticiasjuridicas\/wp-json\/wp\/v2\/tags?post=627"}],"curies":[{"name":"wp","href":"https:\/\/api.w.org\/{rel}","templated":true}]}}