{"id":624,"date":"2019-10-16T19:49:29","date_gmt":"2019-10-16T22:49:29","guid":{"rendered":"https:\/\/www.abn.adv.br\/noticiasjuridicas\/?p=624"},"modified":"2021-03-05T16:57:22","modified_gmt":"2021-03-05T19:57:22","slug":"comportamento-abusivo-de-professor-gera-dever-de-indenizar","status":"publish","type":"post","link":"https:\/\/www.abn.adv.br\/noticiasjuridicas\/2019\/10\/16\/comportamento-abusivo-de-professor-gera-dever-de-indenizar\/","title":{"rendered":"Comportamento abusivo de professor gera dever de indenizar"},"content":{"rendered":"<p>Uma escola foi condenada a indenizar crian\u00e7a em raz\u00e3o de excesso cometido por professor. A decis\u00e3o, da 35\u00aa C\u00e2mara de Direito Privado do TJSP, manteve senten\u00e7a proferida pela ju\u00edza Ana Carolina Aleixo Cascaldi Marcelino Gomes Cunha, da Vara \u00danica de Altin\u00f3polis, que fixou pagamento de R$ 4 mil a t\u00edtulo de danos morais.<br \/>\n        Consta dos autos que o menino estava com alguns colegas na aula de educa\u00e7\u00e3o f\u00edsica quando o professor \u2013 que fazia brincadeiras com os estudantes \u2013 aproveitou momento de distra\u00e7\u00e3o do aluno e o colocou dentro de recipiente usado para descarte de materiais.<br \/>\n        Para o relator do recurso, desembargador Artur Marques da Silva Filho, ficou caracterizado o ato il\u00edcito cometido pelo professor, o que imp\u00f5e a repara\u00e7\u00e3o do dano. \u201cA situa\u00e7\u00e3o n\u00e3o apresenta desentendimento entre alunos, mas comportamento abusivo por parte de um professor, que, sendo adulto, e exercendo posi\u00e7\u00e3o de autoridade, deve agir dentro dos mais estritos limites de civilidade.\u201d<br \/>\n        O julgamento contou com a participa\u00e7\u00e3o dos desembargadores Melo Bueno e Gilberto Leme.<\/p>\n<p>        Comunica\u00e7\u00e3o Social TJSP \u2013 JN (texto) \/ AC (foto)<br \/>\n        imprensatj@tjsp.jus.br<\/p>\n","protected":false},"excerpt":{"rendered":"<p>Uma escola foi condenada a indenizar crian\u00e7a em raz\u00e3o de excesso cometido por professor. A decis\u00e3o, da 35\u00aa C\u00e2mara de Direito Privado do TJSP, manteve senten\u00e7a proferida pela ju\u00edza Ana Carolina Aleixo Cascaldi Marcelino Gomes Cunha, da Vara \u00danica de Altin\u00f3polis, que fixou pagamento de R$ 4 mil a t\u00edtulo de danos morais.<\/p>\n","protected":false},"author":2,"featured_media":0,"comment_status":"open","ping_status":"open","sticky":false,"template":"","format":"standard","meta":{"_joinchat":[],"footnotes":""},"categories":[97,121,35,51,2],"tags":[266,267,122,103,48,3],"class_list":["post-624","post","type-post","status-publish","format-standard","hentry","category-direito-civil","category-direito-criminal","category-direito-de-familia","category-direito-do-consumidor","category-direito-imobiliario","tag-advogado","tag-direito-civil","tag-direito-criminal","tag-direito-de-familia","tag-direito-do-consumidor","tag-direito-imobiliario"],"_links":{"self":[{"href":"https:\/\/www.abn.adv.br\/noticiasjuridicas\/wp-json\/wp\/v2\/posts\/624","targetHints":{"allow":["GET"]}}],"collection":[{"href":"https:\/\/www.abn.adv.br\/noticiasjuridicas\/wp-json\/wp\/v2\/posts"}],"about":[{"href":"https:\/\/www.abn.adv.br\/noticiasjuridicas\/wp-json\/wp\/v2\/types\/post"}],"author":[{"embeddable":true,"href":"https:\/\/www.abn.adv.br\/noticiasjuridicas\/wp-json\/wp\/v2\/users\/2"}],"replies":[{"embeddable":true,"href":"https:\/\/www.abn.adv.br\/noticiasjuridicas\/wp-json\/wp\/v2\/comments?post=624"}],"version-history":[{"count":1,"href":"https:\/\/www.abn.adv.br\/noticiasjuridicas\/wp-json\/wp\/v2\/posts\/624\/revisions"}],"predecessor-version":[{"id":1678,"href":"https:\/\/www.abn.adv.br\/noticiasjuridicas\/wp-json\/wp\/v2\/posts\/624\/revisions\/1678"}],"wp:attachment":[{"href":"https:\/\/www.abn.adv.br\/noticiasjuridicas\/wp-json\/wp\/v2\/media?parent=624"}],"wp:term":[{"taxonomy":"category","embeddable":true,"href":"https:\/\/www.abn.adv.br\/noticiasjuridicas\/wp-json\/wp\/v2\/categories?post=624"},{"taxonomy":"post_tag","embeddable":true,"href":"https:\/\/www.abn.adv.br\/noticiasjuridicas\/wp-json\/wp\/v2\/tags?post=624"}],"curies":[{"name":"wp","href":"https:\/\/api.w.org\/{rel}","templated":true}]}}