{"id":59,"date":"2019-10-16T19:48:31","date_gmt":"2019-10-16T22:48:31","guid":{"rendered":"https:\/\/www.abn.adv.br\/noticiasjuridicas\/?p=59"},"modified":"2019-10-16T19:48:31","modified_gmt":"2019-10-16T22:48:31","slug":"ccj-confirma-decisoes-do-supremo-tribunal-federal-sobre-leis-julgadas-inconstitucionais","status":"publish","type":"post","link":"https:\/\/www.abn.adv.br\/noticiasjuridicas\/2019\/10\/16\/ccj-confirma-decisoes-do-supremo-tribunal-federal-sobre-leis-julgadas-inconstitucionais\/","title":{"rendered":"CCJ confirma decis\u00f5es do Supremo Tribunal Federal sobre leis julgadas inconstitucionais"},"content":{"rendered":"<p>[b]CCJ confirma decis\u00f5es do Supremo Tribunal Federal sobre leis julgadas inconstitucionais[\/b] <\/p>\n<p>Condenados por tr\u00e1fico de drogas que tenham bons antecedentes, sejam prim\u00e1rios e n\u00e3o integrem organiza\u00e7\u00e3o criminosa poder\u00e3o ser beneficiados com a substitui\u00e7\u00e3o da pena privativa de liberdade por pena restritiva de direitos. Decis\u00e3o do Supremo Tribunal Federal (STF) nesse sentido foi reconhecida formalmente pelo Senado na quarta-feira (14.12), quando a Comiss\u00e3o de Constitui\u00e7\u00e3o, Justi\u00e7a e Cidadania votou sete of\u00edcios encaminhados pela Suprema Corte declarando a inconstitucionalidade de uma s\u00e9rie de dispositivos legais. <\/p>\n<p>Ao defender o acolhimento da medida via projeto de resolu\u00e7\u00e3o, o relator, Senador Dem\u00f3stenes Torres (DEM-GO), admitiu ter &#8220;modulado&#8221; essa decis\u00e3o do STF &#8211; conforme lhe permite a Constitui\u00e7\u00e3o Federal &#8211; para evitar que grandes traficantes tamb\u00e9m pudessem se beneficiar desse abrandamento de pena. A iniciativa de Dem\u00f3stenes de recorrer ao dispositivo constitucional que permite ao Senado suspender no todo ou em parte lei declarada inconstitucional pelo Supremo foi elogiada pelo Senador Pedro Taques (PDT-MT). <\/p>\n<p>Tamb\u00e9m ser\u00e3o objeto de projeto de resolu\u00e7\u00e3o, entre outras, as decis\u00f5es da Suprema Corte sobre a inconstitucionalidade de trecho da Lei Org\u00e2nica de Betim (MG) que exigia autoriza\u00e7\u00e3o pr\u00e9via da C\u00e2mara Municipal para o prefeito e o vice se ausentarem do estado e do pa\u00eds; de altera\u00e7\u00e3o em lei estadual que instituiu contribui\u00e7\u00e3o para a Associa\u00e7\u00e3o Matogrossense dos Defensores P\u00fablicos (AMDEP); de artigo do regimento interno do Tribunal Superior do Trabalho (TST) que criou o instituto da reclama\u00e7\u00e3o no processo trabalhista. <\/p>\n<p>Por outro lado, considerou prejudicados dois of\u00edcios do STF que declaravam a inconstitucionalidade de norma legal j\u00e1 revogada por lei posterior. <\/p>\n<p>Antes de colocar esses itens em vota\u00e7\u00e3o, o Presidente da CCJ, Senador Eun\u00edcio Oliveira (PMDB-CE), observou que sua inclus\u00e3o em pauta foi pedida pelos Senadores Aloysio Nunes (PSDB-SP), Pedro Taques (PDT-MT) e Dem\u00f3stenes Torres (DEM-GO) na reuni\u00e3o da semana passada. A preocupa\u00e7\u00e3o dos parlamentares era que o STF continuasse declarando a inconstitucionalidade total ou parcial de leis sem que o Senado avaliasse a decis\u00e3o e providenciasse sua suspens\u00e3o formal por meio de projeto de resolu\u00e7\u00e3o.<\/p>\n<p>Fonte: Ag\u00eancia Senado<\/p>\n","protected":false},"excerpt":{"rendered":"<p>NULL<\/p>\n","protected":false},"author":1,"featured_media":0,"comment_status":"open","ping_status":"open","sticky":false,"template":"","format":"standard","meta":{"_joinchat":[],"footnotes":""},"categories":[],"tags":[],"class_list":["post-59","post","type-post","status-publish","format-standard","hentry"],"_links":{"self":[{"href":"https:\/\/www.abn.adv.br\/noticiasjuridicas\/wp-json\/wp\/v2\/posts\/59","targetHints":{"allow":["GET"]}}],"collection":[{"href":"https:\/\/www.abn.adv.br\/noticiasjuridicas\/wp-json\/wp\/v2\/posts"}],"about":[{"href":"https:\/\/www.abn.adv.br\/noticiasjuridicas\/wp-json\/wp\/v2\/types\/post"}],"author":[{"embeddable":true,"href":"https:\/\/www.abn.adv.br\/noticiasjuridicas\/wp-json\/wp\/v2\/users\/1"}],"replies":[{"embeddable":true,"href":"https:\/\/www.abn.adv.br\/noticiasjuridicas\/wp-json\/wp\/v2\/comments?post=59"}],"version-history":[{"count":0,"href":"https:\/\/www.abn.adv.br\/noticiasjuridicas\/wp-json\/wp\/v2\/posts\/59\/revisions"}],"wp:attachment":[{"href":"https:\/\/www.abn.adv.br\/noticiasjuridicas\/wp-json\/wp\/v2\/media?parent=59"}],"wp:term":[{"taxonomy":"category","embeddable":true,"href":"https:\/\/www.abn.adv.br\/noticiasjuridicas\/wp-json\/wp\/v2\/categories?post=59"},{"taxonomy":"post_tag","embeddable":true,"href":"https:\/\/www.abn.adv.br\/noticiasjuridicas\/wp-json\/wp\/v2\/tags?post=59"}],"curies":[{"name":"wp","href":"https:\/\/api.w.org\/{rel}","templated":true}]}}