{"id":139,"date":"2019-10-16T19:48:39","date_gmt":"2019-10-16T22:48:39","guid":{"rendered":"https:\/\/www.abn.adv.br\/noticiasjuridicas\/?p=139"},"modified":"2019-10-16T19:48:39","modified_gmt":"2019-10-16T22:48:39","slug":"homem-e-condenado-a-mais-de-13-anos-por-latrocinio-tentado","status":"publish","type":"post","link":"https:\/\/www.abn.adv.br\/noticiasjuridicas\/2019\/10\/16\/homem-e-condenado-a-mais-de-13-anos-por-latrocinio-tentado\/","title":{"rendered":"Homem \u00e9 condenado a mais de 13 anos por latroc\u00ednio tentado."},"content":{"rendered":"<p>[b]HOMEM \u00c9 CONDENADO A MAIS DE 13 ANOS POR LATROC\u00cdNIO TENTADO[\/b] <\/p>\n<p>A ju\u00edza Maria Cecilia Leone, da 19\u00aa Vara Criminal Central, condenou R.D. por tentar subtrair para proveito comum, mediante grave amea\u00e7a exercida com emprego de arma de fogo, bens pertencentes a R.A.O. Ele efetuou disparo contra a v\u00edtima, a fim de mat\u00e1-la, s\u00f3 n\u00e3o se consumando o delito por circunst\u00e2ncias alheias \u00e0 sua vontade.<br \/>\n        A v\u00edtima e seus familiares, incluindo crian\u00e7as e adolescentes, retornavam da missa quando abordados pelo r\u00e9u e dois outros indiv\u00edduos n\u00e3o identificados foram obrigados a entrar em casa e a se sentarem no sof\u00e1. Como n\u00e3o havia muito espa\u00e7o, R.A.O. recebeu ordem para se deitar no ch\u00e3o, mas, em raz\u00e3o do espa\u00e7o reduzido, acabou se demorando um pouco para atender \u00e0 ordem do r\u00e9u, que estava armado. Foi efetuado, ent\u00e3o, um disparo em sua dire\u00e7\u00e3o. Ele acabou se atracando com o r\u00e9u, a quem dominou, e tomou a arma dele, enquanto os demais criminosos fugiram.<br \/>\n        Em sua decis\u00e3o, a magistrada afirmou que \u201co crime praticado pelo r\u00e9u e seus comparsas foi grav\u00edssimo e n\u00e3o h\u00e1 d\u00favida de que a v\u00edtima entrou em luta corporal com o r\u00e9u depois de ele efetuar o disparo, o que bem caracteriza o crime de latroc\u00ednio tentado\u201d, para, em seguida, condenar o r\u00e9u \u00e0 pena de 13 anos e 4 meses de reclus\u00e3o e 6 dias-multa, no valor unit\u00e1rio m\u00ednimo.<br \/>\n        Processo n\u00ba 0089603-51.2011.8.26.0050<\/p>\n<p>        Comunica\u00e7\u00e3o Social TJSP \u2013 RP (texto)<br \/>\n        imprensatj@tjsp.jus.br<\/p>\n","protected":false},"excerpt":{"rendered":"<p>NULL<\/p>\n","protected":false},"author":1,"featured_media":0,"comment_status":"open","ping_status":"open","sticky":false,"template":"","format":"standard","meta":{"_joinchat":[],"footnotes":""},"categories":[],"tags":[],"class_list":["post-139","post","type-post","status-publish","format-standard","hentry"],"_links":{"self":[{"href":"https:\/\/www.abn.adv.br\/noticiasjuridicas\/wp-json\/wp\/v2\/posts\/139","targetHints":{"allow":["GET"]}}],"collection":[{"href":"https:\/\/www.abn.adv.br\/noticiasjuridicas\/wp-json\/wp\/v2\/posts"}],"about":[{"href":"https:\/\/www.abn.adv.br\/noticiasjuridicas\/wp-json\/wp\/v2\/types\/post"}],"author":[{"embeddable":true,"href":"https:\/\/www.abn.adv.br\/noticiasjuridicas\/wp-json\/wp\/v2\/users\/1"}],"replies":[{"embeddable":true,"href":"https:\/\/www.abn.adv.br\/noticiasjuridicas\/wp-json\/wp\/v2\/comments?post=139"}],"version-history":[{"count":0,"href":"https:\/\/www.abn.adv.br\/noticiasjuridicas\/wp-json\/wp\/v2\/posts\/139\/revisions"}],"wp:attachment":[{"href":"https:\/\/www.abn.adv.br\/noticiasjuridicas\/wp-json\/wp\/v2\/media?parent=139"}],"wp:term":[{"taxonomy":"category","embeddable":true,"href":"https:\/\/www.abn.adv.br\/noticiasjuridicas\/wp-json\/wp\/v2\/categories?post=139"},{"taxonomy":"post_tag","embeddable":true,"href":"https:\/\/www.abn.adv.br\/noticiasjuridicas\/wp-json\/wp\/v2\/tags?post=139"}],"curies":[{"name":"wp","href":"https:\/\/api.w.org\/{rel}","templated":true}]}}