{"id":137,"date":"2019-10-16T19:48:39","date_gmt":"2019-10-16T22:48:39","guid":{"rendered":"https:\/\/www.abn.adv.br\/noticiasjuridicas\/?p=137"},"modified":"2019-10-16T19:48:39","modified_gmt":"2019-10-16T22:48:39","slug":"condenado-por-falsificacao-de-nome-e-assinatura-em-cnh","status":"publish","type":"post","link":"https:\/\/www.abn.adv.br\/noticiasjuridicas\/2019\/10\/16\/condenado-por-falsificacao-de-nome-e-assinatura-em-cnh\/","title":{"rendered":"Condenado por falsifica\u00e7\u00e3o de nome e assinatura em CNH"},"content":{"rendered":"<p>[b]ONDENADO POR FALSIFICA\u00c7\u00c3O DE NOME E ASSINATURA EM CNH[\/b] <\/p>\n<p>A ju\u00edza da 3\u00aa Vara Criminal Central condenou M.A.P., denunciado e processado como incurso nas penas previstas pelos artigos 297 e 304 do C\u00f3digo Penal vigente, porque \u201cno dia, hora e local descritos da den\u00fancia, falsificou em parte documento p\u00fablico verdadeiro em nome de M.E.S, consistente em sua CNH, falsificando nesta os dizeres em seu nome e assinaturas concernentes e diversas autua\u00e7\u00f5es por multas de tr\u00e2nsito\u201d. Isso fez com que constasse no prontu\u00e1rio da v\u00edtima as pontua\u00e7\u00f5es desfavor\u00e1veis como se fossem suas.<br \/>\n        Em sua decis\u00e3o, a ju\u00edza Monica Salles Penna Machado, considerou a a\u00e7\u00e3o penal procedente em parte, condenando o r\u00e9u unicamente pelo crime capitulado no artigo 297, j\u00e1 que o tipo penal capitulado no artigo 304 \u201cfica em vista do princ\u00edpio da consun\u00e7\u00e3o, absorvido pelo uso em si de referido documento\u201d.<br \/>\n        Assim, a magistrada condenou M.A.P. \u00e0 pena de dois anos de reclus\u00e3o e pagamento de 10 dias-multa, substituindo a pena privativa de liberdade que lhe foi imposta pela pena restritiva de direitos consistente na presta\u00e7\u00e3o de servi\u00e7os a entidade p\u00fablica pelo prazo de dois anos, em local e forma de execu\u00e7\u00e3o a serem especificados no Ju\u00edzo da Execu\u00e7\u00e3o Criminal, na forma da Lei.<br \/>\n        Processo n\u00ba 0008826-89.2005.8.26.0050<\/p>\n<p>        Comunica\u00e7\u00e3o Social TJSP \u2013 RP (texto) \/      imprensatj@tjsp.jus.br<\/p>\n","protected":false},"excerpt":{"rendered":"<p>NULL<\/p>\n","protected":false},"author":1,"featured_media":0,"comment_status":"open","ping_status":"open","sticky":false,"template":"","format":"standard","meta":{"_joinchat":[],"footnotes":""},"categories":[],"tags":[],"class_list":["post-137","post","type-post","status-publish","format-standard","hentry"],"_links":{"self":[{"href":"https:\/\/www.abn.adv.br\/noticiasjuridicas\/wp-json\/wp\/v2\/posts\/137","targetHints":{"allow":["GET"]}}],"collection":[{"href":"https:\/\/www.abn.adv.br\/noticiasjuridicas\/wp-json\/wp\/v2\/posts"}],"about":[{"href":"https:\/\/www.abn.adv.br\/noticiasjuridicas\/wp-json\/wp\/v2\/types\/post"}],"author":[{"embeddable":true,"href":"https:\/\/www.abn.adv.br\/noticiasjuridicas\/wp-json\/wp\/v2\/users\/1"}],"replies":[{"embeddable":true,"href":"https:\/\/www.abn.adv.br\/noticiasjuridicas\/wp-json\/wp\/v2\/comments?post=137"}],"version-history":[{"count":0,"href":"https:\/\/www.abn.adv.br\/noticiasjuridicas\/wp-json\/wp\/v2\/posts\/137\/revisions"}],"wp:attachment":[{"href":"https:\/\/www.abn.adv.br\/noticiasjuridicas\/wp-json\/wp\/v2\/media?parent=137"}],"wp:term":[{"taxonomy":"category","embeddable":true,"href":"https:\/\/www.abn.adv.br\/noticiasjuridicas\/wp-json\/wp\/v2\/categories?post=137"},{"taxonomy":"post_tag","embeddable":true,"href":"https:\/\/www.abn.adv.br\/noticiasjuridicas\/wp-json\/wp\/v2\/tags?post=137"}],"curies":[{"name":"wp","href":"https:\/\/api.w.org\/{rel}","templated":true}]}}