{"id":111,"date":"2019-10-16T19:48:35","date_gmt":"2019-10-16T22:48:35","guid":{"rendered":"https:\/\/www.abn.adv.br\/noticiasjuridicas\/?p=111"},"modified":"2019-10-16T19:48:35","modified_gmt":"2019-10-16T22:48:35","slug":"decisao-do-tjsp-resguarda-direito-de-imagem-de-recem-nascido","status":"publish","type":"post","link":"https:\/\/www.abn.adv.br\/noticiasjuridicas\/2019\/10\/16\/decisao-do-tjsp-resguarda-direito-de-imagem-de-recem-nascido\/","title":{"rendered":"Decis\u00e3o do TJSP resguarda direito de imagem de rec\u00e9m-nascido."},"content":{"rendered":"<p>[img]http:\/\/www.bx.adv.br\/img\/recemnascido.jpg[\/img]<\/p>\n<p> O beb\u00ea, que foi abandonado com poucas horas de vida, foi encontrado em uma sacola de feira, no bairro Costa Muniz, teve sua imagem veiculada em informativo da prefeitura de Cubat\u00e3o. \u201cN\u00e3o obstante inexistissem objetivos lucrativos, \u00e9 evidente o almejo de vantagem, ainda que indireta, com fim pol\u00edtico-publicit\u00e1rio, de limitado car\u00e1ter informativo\u201d, destacou Marrey Uint. <\/p>\n<p>        Em sua decis\u00e3o o magistrado constatou que \u201co ac\u00f3rd\u00e3o recorrido, com base no substrato f\u00e1tico-probat\u00f3rio dos autos, concluiu que houve exposi\u00e7\u00e3o da imagem da recorrente em \u00e2mbito nacional, sem pr\u00e9via autoriza\u00e7\u00e3o desta, com fins exclusivamente econ\u00f4micos e publicit\u00e1rios, em raz\u00e3o de campanha promovida pelo recorrido e veiculada em revista de grande tiragem e circula\u00e7\u00e3o e em outdoors espalhados pelo pa\u00eds\u201d. <\/p>\n<p>        \u201cCabe indeniza\u00e7\u00e3o por dano moral\u201d, concluiu o relator, que prosseguiu: \u201cpelo uso indevido da imagem que, por se tratar de direito personal\u00edssimo que garante ao indiv\u00edduo a prerrogativa de objetar sua exposi\u00e7\u00e3o, no que se refere \u00e0 sua privacidade\u201d. \u00c0 quantifica\u00e7\u00e3o da indeniza\u00e7\u00e3o pelo uso da imagem e pelo dano moral Marrey Uint determinou a import\u00e2ncia de R$ 20 mil, na seguinte propor\u00e7\u00e3o: R$ 10 mil para o beb\u00ea J.P.D.C.L.; R$ 5 mil para o pai adotivo M.F.L. e R$ 5 mil para a m\u00e3e adotiva S.M.D.C. \u201cOs sentimentos de uma fam\u00edlia n\u00e3o podem ficar ao bel-prazer daqueles que desconhecem a prote\u00e7\u00e3o e os cuidados que um filho precisa\u201d, sublinhou o relator. \u201cCedi\u00e7o que, dificilmente os pais de J. teriam autorizado a utiliza\u00e7\u00e3o de sua imagem, caso tivessem sido contatados, pela raz\u00e3o \u00f3bvia de protege-lo e resguard\u00e1-lo\u201d, encerrou.<\/p>\n<p>        Da decis\u00e3o da turma julgadora, tomada de forma un\u00e2nime, participaram tamb\u00e9m os desembargadores Antonio Carlos Malheiros e Camargo Pereira.<\/p>\n<p>         Processo n\u00ba 0004822-37.2009.8.26.0157<\/p>\n<p>        Comunica\u00e7\u00e3o Social TJSP \u2013 VG (texto) \/ Arquivo (foto ilustrativa)<\/p>\n<p>        imprensatj@tjsp.jus.br<\/p>\n","protected":false},"excerpt":{"rendered":"<p>Nos termos da melhor jurisprud\u00eancia, o dano \u00e0 imagem \u00e9 \u201cin re ipsa\u201d, isto \u00e9, n\u00e3o \u00e9 necess\u00e1ria a comprova\u00e7\u00e3o de preju\u00edzo para configura\u00e7\u00e3o do dano moral, pois este decorre da pr\u00f3pria viola\u00e7\u00e3o do direito de imagem titulado pelo apelante. \u00c9 como fundamenta o relator Marrey Uint, desembargador da 3\u00aa C\u00e2mara de Direito P\u00fablico do Tribunal de Justi\u00e7a, em decis\u00e3o favor\u00e1vel ao rec\u00e9m-nascido J.P.D.C.L., representado por seus pais M.F.L. e S.M.D.C.<\/p>\n","protected":false},"author":1,"featured_media":0,"comment_status":"open","ping_status":"open","sticky":false,"template":"","format":"standard","meta":{"_joinchat":[],"footnotes":""},"categories":[],"tags":[],"class_list":["post-111","post","type-post","status-publish","format-standard","hentry"],"_links":{"self":[{"href":"https:\/\/www.abn.adv.br\/noticiasjuridicas\/wp-json\/wp\/v2\/posts\/111","targetHints":{"allow":["GET"]}}],"collection":[{"href":"https:\/\/www.abn.adv.br\/noticiasjuridicas\/wp-json\/wp\/v2\/posts"}],"about":[{"href":"https:\/\/www.abn.adv.br\/noticiasjuridicas\/wp-json\/wp\/v2\/types\/post"}],"author":[{"embeddable":true,"href":"https:\/\/www.abn.adv.br\/noticiasjuridicas\/wp-json\/wp\/v2\/users\/1"}],"replies":[{"embeddable":true,"href":"https:\/\/www.abn.adv.br\/noticiasjuridicas\/wp-json\/wp\/v2\/comments?post=111"}],"version-history":[{"count":0,"href":"https:\/\/www.abn.adv.br\/noticiasjuridicas\/wp-json\/wp\/v2\/posts\/111\/revisions"}],"wp:attachment":[{"href":"https:\/\/www.abn.adv.br\/noticiasjuridicas\/wp-json\/wp\/v2\/media?parent=111"}],"wp:term":[{"taxonomy":"category","embeddable":true,"href":"https:\/\/www.abn.adv.br\/noticiasjuridicas\/wp-json\/wp\/v2\/categories?post=111"},{"taxonomy":"post_tag","embeddable":true,"href":"https:\/\/www.abn.adv.br\/noticiasjuridicas\/wp-json\/wp\/v2\/tags?post=111"}],"curies":[{"name":"wp","href":"https:\/\/api.w.org\/{rel}","templated":true}]}}