{"id":109,"date":"2019-10-16T19:48:35","date_gmt":"2019-10-16T22:48:35","guid":{"rendered":"https:\/\/www.abn.adv.br\/noticiasjuridicas\/?p=109"},"modified":"2019-10-16T19:48:35","modified_gmt":"2019-10-16T22:48:35","slug":"emissora-de-tv-condenada-por-divulgar-foto-de-amigo-como-assassino-da-vitima","status":"publish","type":"post","link":"https:\/\/www.abn.adv.br\/noticiasjuridicas\/2019\/10\/16\/emissora-de-tv-condenada-por-divulgar-foto-de-amigo-como-assassino-da-vitima\/","title":{"rendered":"Emissora de TV condenada por divulgar foto de amigo como assassino da v\u00edtima."},"content":{"rendered":"<p>[img]http:\/\/www.bx.adv.br\/img\/Emissora-de-TV.jpg[\/img]  [br]  [br]<br \/>\n        A 6\u00aa C\u00e2mara de Direito Privado do Tribunal de Justi\u00e7a manteve a condena\u00e7\u00e3o da R\u00e1dio e Televis\u00e3o Record, em a\u00e7\u00e3o de indeniza\u00e7\u00e3o por danos  morais movida por R.F.L.  A emissora foi condenada em 1\u00aa Inst\u00e2ncia a pagar a quantia de R$ 50 mil, com juros e corre\u00e7\u00e3o monet\u00e1ria, pela veicula\u00e7\u00e3o de uma mat\u00e9ria jornal\u00edstica em que uma colega de trabalho do autor foi supostamente assassinada pelo namorado, que fugiu para Pernambuco ap\u00f3s o crime. Acontece que, nas not\u00edcias veiculadas, foi exibida uma foto sua ao lado da v\u00edtima, o que gerou o entendimento equivocado de que seria ele o autor do crime.<\/p>\n<p>        Insatisfeitas com a decis\u00e3o, ambas as partes recorreram. A r\u00e9 pretendia a improced\u00eancia da a\u00e7\u00e3o e, subsidiariamente, a redu\u00e7\u00e3o do montante indenizat\u00f3rio, que entende exacerbado, bem como a incid\u00eancia de juros e corre\u00e7\u00e3o monet\u00e1ria; o autor pedia a majora\u00e7\u00e3o do montante indenizat\u00f3rio, que considerava insuficiente para reparar o dano moral sofrido.<\/p>\n<p>        No entanto, os desembargadores mantiveram a quantia, alterando apenas a data do in\u00edcio da incid\u00eancia da corre\u00e7\u00e3o monet\u00e1ria, \u201cque deve ser contado da data do arbitramento da indeniza\u00e7\u00e3o, nos termos da S\u00famula n\u00ba 362 do STJ, e n\u00e3o da propositura da a\u00e7\u00e3o\u201d. <\/p>\n<p>        Ante o exposto \u201cd\u00e1-se parcial provimento ao recurso da r\u00e9, e nega-se ao do autor\u201d, finalizou em seu voto o desembargador Paulo Alcides Amaral Salles, relator do recurso.<\/p>\n<p>        Processo n\u00ba 0188841-24.2010.8.26.0100<\/p>\n<p>        Comunica\u00e7\u00e3o Social TJSP \u2013 RP (texto) \/ AC (foto-ilustrativa) \/ (arte) DS<br \/>\n         imprensatj@tjsp.jus.br<\/p>\n","protected":false},"excerpt":{"rendered":"<p>A 6\u00aa C\u00e2mara de Direito Privado do Tribunal de Justi\u00e7a manteve a condena\u00e7\u00e3o da R\u00e1dio e Televis\u00e3o Record, em a\u00e7\u00e3o de indeniza\u00e7\u00e3o por danos morais movida por R.F.L. A emissora foi condenada em 1\u00aa Inst\u00e2ncia a pagar a quantia de R$ 50 mil, com juros e corre\u00e7\u00e3o monet\u00e1ria, pela veicula\u00e7\u00e3o de uma mat\u00e9ria jornal\u00edstica em que uma colega de trabalho do autor foi supostamente assassinada pelo namorado, que fugiu para Pernambuco ap\u00f3s o crime. Acontece que, nas not\u00edcias veiculadas, foi exibida uma foto sua ao lado da v\u00edtima, o que gerou o entendimento equivocado de que seria ele o autor do crime.<\/p>\n","protected":false},"author":1,"featured_media":0,"comment_status":"open","ping_status":"open","sticky":false,"template":"","format":"standard","meta":{"_joinchat":[],"footnotes":""},"categories":[],"tags":[],"class_list":["post-109","post","type-post","status-publish","format-standard","hentry"],"_links":{"self":[{"href":"https:\/\/www.abn.adv.br\/noticiasjuridicas\/wp-json\/wp\/v2\/posts\/109","targetHints":{"allow":["GET"]}}],"collection":[{"href":"https:\/\/www.abn.adv.br\/noticiasjuridicas\/wp-json\/wp\/v2\/posts"}],"about":[{"href":"https:\/\/www.abn.adv.br\/noticiasjuridicas\/wp-json\/wp\/v2\/types\/post"}],"author":[{"embeddable":true,"href":"https:\/\/www.abn.adv.br\/noticiasjuridicas\/wp-json\/wp\/v2\/users\/1"}],"replies":[{"embeddable":true,"href":"https:\/\/www.abn.adv.br\/noticiasjuridicas\/wp-json\/wp\/v2\/comments?post=109"}],"version-history":[{"count":0,"href":"https:\/\/www.abn.adv.br\/noticiasjuridicas\/wp-json\/wp\/v2\/posts\/109\/revisions"}],"wp:attachment":[{"href":"https:\/\/www.abn.adv.br\/noticiasjuridicas\/wp-json\/wp\/v2\/media?parent=109"}],"wp:term":[{"taxonomy":"category","embeddable":true,"href":"https:\/\/www.abn.adv.br\/noticiasjuridicas\/wp-json\/wp\/v2\/categories?post=109"},{"taxonomy":"post_tag","embeddable":true,"href":"https:\/\/www.abn.adv.br\/noticiasjuridicas\/wp-json\/wp\/v2\/tags?post=109"}],"curies":[{"name":"wp","href":"https:\/\/api.w.org\/{rel}","templated":true}]}}